{"id":18784,"date":"2025-09-29T10:43:17","date_gmt":"2025-09-29T08:43:17","guid":{"rendered":"https:\/\/www.mission-21.org\/?p=18784"},"modified":"2025-09-29T11:04:05","modified_gmt":"2025-09-29T09:04:05","slug":"atmospheric-opening-service-for-the-mission-21-campaign","status":"publish","type":"post","link":"https:\/\/www.mission-21.org\/en\/stimmungsvoller-eroeffnungsgottesdienst-zur-kampagne-von-mission-21\/","title":{"rendered":"Atmospheric opening service for the Mission 21 campaign"},"content":{"rendered":"<p><strong>On Sunday, September 28, 2025, the opening service for Mission 21's annual campaign took place in Basel Minster. In a packed church, various speakers highlighted the theme of this year's campaign: \"Standing up for a peaceful society\", the content of which is more relevant than ever.<\/strong><\/p>\n\n\n\n<p>Jochen Kirsch, Director of Mission 21, and Nigerian project coordinator Yakubu Joseph kicked things off. Both pleaded for us to stick together worldwide - or as they say in Nigeria: \"It is not possible to lift a roof with just one hand\". With this in mind, Pastor Caroline Schr\u00f6der Field led the atmospheric service, accompanied by music from the small Chorale Africaine of the French Reformed Church in Basel.<\/p>\n\n\n\n<p>Gaby Ullrich, Head of Marketing and Communication at Mission 21, presented the 2025 campaign. This year, the focus is on peacebuilding in Nigeria, South Sudan and Indonesia. The focus is on peacebuilding in an interreligious context, gender-specific peacebuilding and peace villages in which residents are committed to combating resentment and hatred. <\/p>\n\n\n\n<p>With these projects, Mission 21 wants to emphasize the importance of interreligious and transcultural cooperation for more peace and justice in the various countries. The intercessions of Mission 21 employees Lucy Theuer, Angelika Weber and Dorina Waldmeyer also prayed for peace in other Mission 21 partner countries. <\/p>\n\n\n\n<figure class=\"wp-block-image size-large\"><img decoding=\"async\" width=\"1200\" height=\"800\" src=\"https:\/\/www.mission-21.org\/wp-content\/uploads\/2025\/09\/img_2608-1200x800.jpg\" alt=\"img 2608\" class=\"wp-image-18788\" srcset=\"https:\/\/www.mission-21.org\/wp-content\/uploads\/2025\/09\/img_2608-1200x800.jpg 1200w, https:\/\/www.mission-21.org\/wp-content\/uploads\/2025\/09\/img_2608-900x600.jpg 900w, https:\/\/www.mission-21.org\/wp-content\/uploads\/2025\/09\/img_2608-768x512.jpg 768w, https:\/\/www.mission-21.org\/wp-content\/uploads\/2025\/09\/img_2608-1536x1024.jpg 1536w, https:\/\/www.mission-21.org\/wp-content\/uploads\/2025\/09\/img_2608-2048x1365.jpg 2048w, https:\/\/www.mission-21.org\/wp-content\/uploads\/2025\/09\/img_2608-18x12.jpg 18w, https:\/\/www.mission-21.org\/wp-content\/uploads\/2025\/09\/img_2608-300x200.jpg 300w, https:\/\/www.mission-21.org\/wp-content\/uploads\/2025\/09\/img_2608-600x400.jpg 600w\" sizes=\"(max-width: 1200px) 100vw, 1200px\" \/><figcaption class=\"wp-element-caption\">Intercessions by Dorina Waldmeyer, Angelika Weber and Lucy Theuer (from left to right)<\/figcaption><\/figure>\n\n\n\n<p><strong>Standing up for peace<\/strong><\/p>\n\n\n\n<p>After the service, numerous visitors came to the church coffee. There, they also had the opportunity to view the photo exhibition \"Mensch Courage - Einstehen f\u00fcr Frieden\" (Human Courage - Standing up for Peace) and thus gain a visual insight into the campaign.<\/p>\n\n\n\n<p><strong>Parishes now have the opportunity to view the photo exhibition \"<strong>Mensch Courage: Standing up for peace<\/strong>\" and sensitize their parishioners to the topic of peacebuilding in South Sudan, Nigeria and Indonesia.<\/strong><\/p>\n\n\n\n<p><strong><a href=\"https:\/\/www.mission-21.org\/en\/campaign-2030\/\">&gt; More information on our campaign page<\/a><\/strong><\/p>\n\n\n\n<p><\/p>","protected":false},"excerpt":{"rendered":"<p>Am Sonntag, den 28. September 2025 fand das Er\u00f6ffnungsgottesdienst zur Jahreskampagne von Mission 21 im Basler M\u00fcnster statt. In einer gut besetzten Kirche beleuchteten verschiedene Redner*innen das Thema der diesj\u00e4hrigen Kampagne: \u00abEinstehen f\u00fcr eine friedliche Gesellschaft\u00bb, deren Inhalt aktueller denn je ist. Den Auftakt machten Jochen Kirsch, Direktor von Mission 21, und der nigerianische Projektkoordinator [&hellip;]<\/p>\n","protected":false},"author":17,"featured_media":18786,"comment_status":"closed","ping_status":"closed","sticky":false,"template":"","format":"standard","meta":{"_acf_changed":false,"_seopress_robots_primary_cat":"none","_seopress_titles_title":"","_seopress_titles_desc":"","_seopress_robots_index":"","_searchwp_excluded":"","site-sidebar-layout":"default","site-content-layout":"","ast-site-content-layout":"default","site-content-style":"default","site-sidebar-style":"default","ast-global-header-display":"","ast-banner-title-visibility":"","ast-main-header-display":"","ast-hfb-above-header-display":"","ast-hfb-below-header-display":"","ast-hfb-mobile-header-display":"","site-post-title":"","ast-breadcrumbs-content":"","ast-featured-img":"","footer-sml-layout":"","ast-disable-related-posts":"","theme-transparent-header-meta":"","adv-header-id-meta":"","stick-header-meta":"","header-above-stick-meta":"","header-main-stick-meta":"","header-below-stick-meta":"","astra-migrate-meta-layouts":"set","ast-page-background-enabled":"default","ast-page-background-meta":{"desktop":{"background-color":"var(--ast-global-color-4)","background-image":"","background-repeat":"repeat","background-position":"center center","background-size":"auto","background-attachment":"scroll","background-type":"","background-media":"","overlay-type":"","overlay-color":"","overlay-opacity":"","overlay-gradient":""},"tablet":{"background-color":"","background-image":"","background-repeat":"repeat","background-position":"center center","background-size":"auto","background-attachment":"scroll","background-type":"","background-media":"","overlay-type":"","overlay-color":"","overlay-opacity":"","overlay-gradient":""},"mobile":{"background-color":"","background-image":"","background-repeat":"repeat","background-position":"center center","background-size":"auto","background-attachment":"scroll","background-type":"","background-media":"","overlay-type":"","overlay-color":"","overlay-opacity":"","overlay-gradient":""}},"ast-content-background-meta":{"desktop":{"background-color":"var(--ast-global-color-5)","background-image":"","background-repeat":"repeat","background-position":"center center","background-size":"auto","background-attachment":"scroll","background-type":"","background-media":"","overlay-type":"","overlay-color":"","overlay-opacity":"","overlay-gradient":""},"tablet":{"background-color":"var(--ast-global-color-5)","background-image":"","background-repeat":"repeat","background-position":"center center","background-size":"auto","background-attachment":"scroll","background-type":"","background-media":"","overlay-type":"","overlay-color":"","overlay-opacity":"","overlay-gradient":""},"mobile":{"background-color":"var(--ast-global-color-5)","background-image":"","background-repeat":"repeat","background-position":"center center","background-size":"auto","background-attachment":"scroll","background-type":"","background-media":"","overlay-type":"","overlay-color":"","overlay-opacity":"","overlay-gradient":""}},"iawp_total_views":133,"footnotes":""},"categories":[152],"tags":[496,495],"land":[37,54,13],"wirkungsbereich":[16],"class_list":{"0":"post-18784","1":"post","2":"type-post","3":"status-publish","4":"format-standard","5":"has-post-thumbnail","7":"category-aus-den-projekten","8":"tag-friedensfoerderung","9":"tag-kampagne-2025","10":"land-indonesien","11":"land-nigeria","12":"land-suedsudan","13":"wirkungsbereich-friedensfoerderung"},"acf":[],"_links":{"self":[{"href":"https:\/\/www.mission-21.org\/en\/wp-json\/wp\/v2\/posts\/18784","targetHints":{"allow":["GET"]}}],"collection":[{"href":"https:\/\/www.mission-21.org\/en\/wp-json\/wp\/v2\/posts"}],"about":[{"href":"https:\/\/www.mission-21.org\/en\/wp-json\/wp\/v2\/types\/post"}],"author":[{"embeddable":true,"href":"https:\/\/www.mission-21.org\/en\/wp-json\/wp\/v2\/users\/17"}],"replies":[{"embeddable":true,"href":"https:\/\/www.mission-21.org\/en\/wp-json\/wp\/v2\/comments?post=18784"}],"version-history":[{"count":4,"href":"https:\/\/www.mission-21.org\/en\/wp-json\/wp\/v2\/posts\/18784\/revisions"}],"predecessor-version":[{"id":18792,"href":"https:\/\/www.mission-21.org\/en\/wp-json\/wp\/v2\/posts\/18784\/revisions\/18792"}],"wp:featuredmedia":[{"embeddable":true,"href":"https:\/\/www.mission-21.org\/en\/wp-json\/wp\/v2\/media\/18786"}],"wp:attachment":[{"href":"https:\/\/www.mission-21.org\/en\/wp-json\/wp\/v2\/media?parent=18784"}],"wp:term":[{"taxonomy":"category","embeddable":true,"href":"https:\/\/www.mission-21.org\/en\/wp-json\/wp\/v2\/categories?post=18784"},{"taxonomy":"post_tag","embeddable":true,"href":"https:\/\/www.mission-21.org\/en\/wp-json\/wp\/v2\/tags?post=18784"},{"taxonomy":"land","embeddable":true,"href":"https:\/\/www.mission-21.org\/en\/wp-json\/wp\/v2\/land?post=18784"},{"taxonomy":"wirkungsbereich","embeddable":true,"href":"https:\/\/www.mission-21.org\/en\/wp-json\/wp\/v2\/wirkungsbereich?post=18784"}],"curies":[{"name":"wp","href":"https:\/\/api.w.org\/{rel}","templated":true}]}}