{"id":7465,"date":"2023-03-20T20:54:40","date_gmt":"2023-03-20T19:54:40","guid":{"rendered":"https:\/\/www.mission-21.org\/?p=7465"},"modified":"2023-05-11T17:35:47","modified_gmt":"2023-05-11T15:35:47","slug":"100-year-eyn-great-anniversary-celebrations-in-nigeria","status":"publish","type":"post","link":"https:\/\/www.mission-21.org\/en\/100-jahre-eyn-grosse-jubilaeumsfeierlichkeiten-in-nigeria\/","title":{"rendered":"100 years of EYN: Great anniversary celebrations in Nigeria"},"content":{"rendered":"<p><strong>The Church of the Brethren in Nigeria (<a href=\"https:\/\/www.mission-21.org\/en\/partner\/eyn-church-of-the-siblings\/\">EYN<\/a>) is an important partner organization for Mission 21. Together we work for peacebuilding, education and food sovereignty. On the occasion of the 100th anniversary of EYN, Jochen Kirsch, Director of Mission 21, traveled to Abuja to celebrate together with the church leadership and the population and to bring greetings from our worldwide network.<\/strong><\/p>\n\n\n\n<p>It has been 100 years since the first service of the EYN in Nigeria was celebrated under a tamarind tree in the village of Garkida. The Church of the Brethren in Nigeria (Ekklesiyar Yan'uwa a Nigeria, EYN) emerged in 1923 from the missionary work of the American \"Church of the Brethren\" (COB). Since 1959 there has been a close and fruitful partnership between the EYN and Mission 21, then the Basel Mission.<\/p>\n\n\n\n<p><strong>Big event with over 5000 people<\/strong><\/p>\n\n\n\n<p>The church celebrated its 100th anniversary with its members at various locations in Nigeria. More than 5,000 people took part in the big closing service in the capital Abuja on Sunday, March 19, among them numerous dignitaries from other Christian churches in Nigeria, the Church of the Brethren from Rwanda, Burundi, the DR Congo, and a delegation from the USA. The Vice President of Nigeria, Yemi Osinbajo, also sent greetings.<\/p>\n\n\n\n<figure class=\"wp-block-image size-large is-resized\"><img decoding=\"async\" src=\"https:\/\/www.mission-21.org\/wp-content\/uploads\/2023\/03\/100-jahre-eyn-chor-1200x800.jpg\" alt=\"100 years eyn choir\" class=\"wp-image-7497\" width=\"593\" height=\"395\" srcset=\"https:\/\/www.mission-21.org\/wp-content\/uploads\/2023\/03\/100-jahre-eyn-chor-1200x800.jpg 1200w, https:\/\/www.mission-21.org\/wp-content\/uploads\/2023\/03\/100-jahre-eyn-chor-900x600.jpg 900w, https:\/\/www.mission-21.org\/wp-content\/uploads\/2023\/03\/100-jahre-eyn-chor-768x512.jpg 768w, https:\/\/www.mission-21.org\/wp-content\/uploads\/2023\/03\/100-jahre-eyn-chor-1536x1024.jpg 1536w, https:\/\/www.mission-21.org\/wp-content\/uploads\/2023\/03\/100-jahre-eyn-chor-scaled.jpg 1680w, https:\/\/www.mission-21.org\/wp-content\/uploads\/2023\/03\/100-jahre-eyn-chor-18x12.jpg 18w, https:\/\/www.mission-21.org\/wp-content\/uploads\/2023\/03\/100-jahre-eyn-chor-300x200.jpg 300w, https:\/\/www.mission-21.org\/wp-content\/uploads\/2023\/03\/100-jahre-eyn-chor-600x400.jpg 600w\" sizes=\"(max-width: 593px) 100vw, 593px\" \/><figcaption class=\"wp-element-caption\"><em>Choir at the festive service.<\/em><\/figcaption><\/figure>\n\n\n\n<p><strong>Festive sermon by Jochen Kirsch<\/strong><\/p>\n\n\n\n<p>Director Jochen Kirsch traveled to Abuja as a representative of Mission 21. He had the honorable task of preaching the sermon during the service. Following the sermon, he read a greeting from former employees who have lived and worked in Nigeria on behalf of the Basel Mission and Mission 21 over the past decades, announced their donation for the <a href=\"https:\/\/www.mission-21.org\/en\/projects\/nothilfe-und-wiederaufbau-in-nigeria\/\">humanitarian aid<\/a> of Mission 21 in Nigeria and presented a tree to the president of the EYN on behalf of Mission 21 and the Basel Mission, as a sign of the rootedness and growth of the church in Nigeria and as a symbol of protection and nourishment for all people who need it.<\/p>\n\n\n\n<figure class=\"wp-block-image size-full\"><img decoding=\"async\" width=\"588\" height=\"331\" src=\"https:\/\/www.mission-21.org\/wp-content\/uploads\/2023\/03\/pic-webnews-eyn-kopie.jpg\" alt=\"Anniversary EYN Abuja\" class=\"wp-image-7475\" srcset=\"https:\/\/www.mission-21.org\/wp-content\/uploads\/2023\/03\/pic-webnews-eyn-kopie.jpg 588w, https:\/\/www.mission-21.org\/wp-content\/uploads\/2023\/03\/pic-webnews-eyn-kopie-18x10.jpg 18w, https:\/\/www.mission-21.org\/wp-content\/uploads\/2023\/03\/pic-webnews-eyn-kopie-300x169.jpg 300w\" sizes=\"(max-width: 588px) 100vw, 588px\" \/><figcaption class=\"wp-element-caption\"><em>From left to right: Anthony Ndamsai, Vice President of EYN, <\/em><br><em>Salamatu Billi, wife of the church president, Jochen Kirsch, Director Mission 21, EYN-President Joel Billi<\/em>.<\/figcaption><\/figure>\n\n\n\n<p><strong>Mission 21 supports peacebuilding<\/strong><\/p>\n\n\n\n<p>Mission 21 in Nigeria focuses on promoting peace and securing livelihoods. We support the population with numerous <a href=\"https:\/\/www.mission-21.org\/en\/country\/africa\/nigeria\/\">Projects <\/a>in the areas of education, health promotion, food sovereignty as well as humanitarian aid.<\/p>\n\n\n\n<p>The focus on peacebuilding and securing livelihoods is due to the situation in the country: The jihadist militia Boko Haram has caused indescribable suffering in northeastern Nigeria through years of terror. The crisis has claimed well over 40,000 victims so far. Around 2.5 million people from northern Nigeria have been internally displaced, according to UNHCR.<\/p>\n\n\n\n<p><strong>Projects for education and food sovereignty<\/strong><\/p>\n\n\n\n<p>Since the mid-1980s, Nigeria has been plagued by a persistent severe economic crisis. Against this background, there is a lack of sufficient state provision, not least in the health and education sectors. In many places, churches fill these gaps, and so the EYN also became an important part of the Nigerian social system.<\/p>\n\n\n\n<p>Today, the church is active in various fields of work and is supported by Mission 21 in different areas. Among other things, also in the area of education and <a href=\"https:\/\/www.mission-21.org\/en\/projects\/education-for-sustainable-ecological-development-in-nigeria\/\">Food Sovereignty<\/a>on which our campaign this year focuses.<\/p>\n\n\n\n<div class=\"wp-block-media-text is-stacked-on-mobile\" style=\"grid-template-columns:29% auto\"><figure class=\"wp-block-media-text__media\"><img decoding=\"async\" width=\"1200\" height=\"1200\" src=\"https:\/\/www.mission-21.org\/wp-content\/uploads\/2022\/11\/visual-kampagne-23-1200x1200.jpg\" alt=\"visual campaign 23\" class=\"wp-image-5861 size-full\" srcset=\"https:\/\/www.mission-21.org\/wp-content\/uploads\/2022\/11\/visual-kampagne-23-1200x1200.jpg 1200w, https:\/\/www.mission-21.org\/wp-content\/uploads\/2022\/11\/visual-kampagne-23-900x900.jpg 900w, https:\/\/www.mission-21.org\/wp-content\/uploads\/2022\/11\/visual-kampagne-23-300x300.jpg 300w, https:\/\/www.mission-21.org\/wp-content\/uploads\/2022\/11\/visual-kampagne-23-768x768.jpg 768w, https:\/\/www.mission-21.org\/wp-content\/uploads\/2022\/11\/visual-kampagne-23-1536x1536.jpg 1536w, https:\/\/www.mission-21.org\/wp-content\/uploads\/2022\/11\/visual-kampagne-23-12x12.jpg 12w, https:\/\/www.mission-21.org\/wp-content\/uploads\/2022\/11\/visual-kampagne-23-800x800.jpg 800w, https:\/\/www.mission-21.org\/wp-content\/uploads\/2022\/11\/visual-kampagne-23-600x600.jpg 600w, https:\/\/www.mission-21.org\/wp-content\/uploads\/2022\/11\/visual-kampagne-23-100x100.jpg 100w, https:\/\/www.mission-21.org\/wp-content\/uploads\/2022\/11\/visual-kampagne-23.jpg 1680w\" sizes=\"(max-width: 1200px) 100vw, 1200px\" \/><\/figure><div class=\"wp-block-media-text__content\">\n<p><a href=\"https:\/\/www.mission-21.org\/en\/participate\/campaign-2023\/\">\u25ba About the campaign<\/a><\/p>\n<\/div><\/div>\n\n\n\n<p><\/p>\n\n\n\n<p>The activities also include <a href=\"https:\/\/www.mission-21.org\/en\/projects\/education-for-social-change-in-nigeria\/\">theological training centers<\/a> and the <a href=\"https:\/\/www.mission-21.org\/en\/projects\/education-for-the-future-in-nigeria\/\">Empowerment of and training for women<\/a>. In addition, Mission 21 supports the EYN in its interreligious dialogue with the Muslim population of Nigeria as part of the <a href=\"https:\/\/www.mission-21.org\/en\/projects\/interfaith-peace-promotion-in-nigeria\/\">Peacebuilding<\/a>.<\/p>\n\n\n\n<p><strong>Networking on site<\/strong><\/p>\n\n\n\n<p>After his trip, Mission 21 Director Jochen Kirsch classifies his impressions: \"Even though the time in Nigeria was unfortunately short, I was very pleased to have this opportunity to be back on the ground after a long absence (last in 2015),\" he says.<\/p>\n\n\n\n<p>&nbsp;\"In addition to attending the anniversary service, my time in Abuja also gave me the opportunity to meet with important current or future partners in Nigeria, such as the Swiss and German embassies, the umbrella organization of Christian churches in Nigeria, the Catholic archbishop, and the High Council for Islamic Affairs.\"<\/p>\n\n\n\n<figure class=\"wp-block-image size-large is-resized\"><img decoding=\"async\" src=\"https:\/\/www.mission-21.org\/wp-content\/uploads\/2023\/03\/100-jahre-eyn-kirsch--1200x800.jpg\" alt=\"100 years eyn kirsch \" class=\"wp-image-7487\" width=\"782\" height=\"521\" srcset=\"https:\/\/www.mission-21.org\/wp-content\/uploads\/2023\/03\/100-jahre-eyn-kirsch--1200x800.jpg 1200w, https:\/\/www.mission-21.org\/wp-content\/uploads\/2023\/03\/100-jahre-eyn-kirsch--900x600.jpg 900w, https:\/\/www.mission-21.org\/wp-content\/uploads\/2023\/03\/100-jahre-eyn-kirsch--768x512.jpg 768w, https:\/\/www.mission-21.org\/wp-content\/uploads\/2023\/03\/100-jahre-eyn-kirsch--1536x1024.jpg 1536w, https:\/\/www.mission-21.org\/wp-content\/uploads\/2023\/03\/100-jahre-eyn-kirsch--18x12.jpg 18w, https:\/\/www.mission-21.org\/wp-content\/uploads\/2023\/03\/100-jahre-eyn-kirsch--300x200.jpg 300w, https:\/\/www.mission-21.org\/wp-content\/uploads\/2023\/03\/100-jahre-eyn-kirsch--600x400.jpg 600w, https:\/\/www.mission-21.org\/wp-content\/uploads\/2023\/03\/100-jahre-eyn-kirsch-.jpg 1680w\" sizes=\"(max-width: 782px) 100vw, 782px\" \/><figcaption class=\"wp-element-caption\"><em>Jochen Kirsch and the Archbishop of Nigeria, who is also the Chairman <\/em><br><em>of the Catholic Bishops' Conference of Nigeria is: His Grace Most Rev. Dr. Ignatius Ayau Kaigama.  <\/em><br>&nbsp;<\/figcaption><\/figure>\n\n\n\n<p><strong>Long lines in front of banks and gas stations<\/strong><\/p>\n\n\n\n<p>For security reasons, the visit was limited to the capital Abuja. He found the security situation in Abuja to be calm, even though disputed presidential elections had recently taken place. However, the economic difficulties were clearly noticeable, according to Kirsch: \"Already on the drive from the airport, I noticed the large queues in front of banks, ATMs and gas stations, as well as a myriad of young people selling gasoline of dubious quality from canisters at horrendous prices along the streets. The background is a still glaring shortage of cash after the introduction of the new naira notes at the end of January meant that the previous notes were no longer recognized as valid means of payment for a short time.\"<\/p>\n\n\n\n<p><strong>Amazement at the power of people<\/strong><\/p>\n\n\n\n<p>\"The economic pressure on households in what is in many cases already a precarious situation is enormous,\" reports Jochen Kirsch. \"Nevertheless, the population as a whole remains relatively calm. I am shocked at how the series of grievances and crises in the country seems to have no end. At the same time, I imagine what such financial mismanagement would trigger in other countries, such as Switzerland or Germany. And I marvel once again at the enormous resilience of these people in Nigeria who have been hard hit by so much suffering.\"<\/p>\n\n\n\n<p>Mission 21 continues to stand alongside these people and advocate for a life of dignity for all.<\/p>\n\n\n\n<p><em>Text: Miriam Glass, Photos: Yakubu Joseph<\/em><\/p>\n\n\n\n<div class=\"wp-block-buttons is-layout-flex wp-block-buttons-is-layout-flex\">\n<div class=\"wp-block-button aligncenter\"><a class=\"wp-block-button__link wp-element-button\" href=\"https:\/\/www.mission-21.org\/en\/donate-africa\/?rnw-purpose=p2\">Support projects in Nigeria<\/a><\/div>\n\n\n<\/div>\n\n\n\n<p><\/p>\n\n\n\n<p><a href=\"https:\/\/www.mission-21.org\/en\/country\/africa\/nigeria\/\"> \u25ba More about our projects in Nigeria<\/a><\/p>","protected":false},"excerpt":{"rendered":"<p>Die Kirche der Geschwister in Nigeria (EYN) ist f\u00fcr Mission 21 eine wichtige Partnerorganisation. Gemeinsam arbeiten wir f\u00fcr Friedensf\u00f6rderung, Bildung und Ern\u00e4hrungssouver\u00e4nit\u00e4t. Zum 100-Jahr-Jubil\u00e4um der EYN reiste Jochen Kirsch, Direktor von Mission 21, nach Abuja, um gemeinsam mit der Kirchenleitung und der Bev\u00f6lkerung zu feiern und Gr\u00fcsse aus unserem weltweiten Netzwerk zu \u00fcberbringen. 100 Jahre [&hellip;]<\/p>\n","protected":false},"author":10,"featured_media":7480,"comment_status":"closed","ping_status":"closed","sticky":false,"template":"","format":"standard","meta":{"_acf_changed":false,"_seopress_robots_primary_cat":"none","_seopress_titles_title":"","_seopress_titles_desc":"","_seopress_robots_index":"","_searchwp_excluded":"","site-sidebar-layout":"default","site-content-layout":"","ast-site-content-layout":"default","site-content-style":"default","site-sidebar-style":"default","ast-global-header-display":"","ast-banner-title-visibility":"","ast-main-header-display":"","ast-hfb-above-header-display":"","ast-hfb-below-header-display":"","ast-hfb-mobile-header-display":"","site-post-title":"","ast-breadcrumbs-content":"","ast-featured-img":"","footer-sml-layout":"","ast-disable-related-posts":"","theme-transparent-header-meta":"","adv-header-id-meta":"","stick-header-meta":"","header-above-stick-meta":"","header-main-stick-meta":"","header-below-stick-meta":"","astra-migrate-meta-layouts":"default","ast-page-background-enabled":"default","ast-page-background-meta":{"desktop":{"background-color":"var(--ast-global-color-4)","background-image":"","background-repeat":"repeat","background-position":"center center","background-size":"auto","background-attachment":"scroll","background-type":"","background-media":"","overlay-type":"","overlay-color":"","overlay-opacity":"","overlay-gradient":""},"tablet":{"background-color":"","background-image":"","background-repeat":"repeat","background-position":"center center","background-size":"auto","background-attachment":"scroll","background-type":"","background-media":"","overlay-type":"","overlay-color":"","overlay-opacity":"","overlay-gradient":""},"mobile":{"background-color":"","background-image":"","background-repeat":"repeat","background-position":"center center","background-size":"auto","background-attachment":"scroll","background-type":"","background-media":"","overlay-type":"","overlay-color":"","overlay-opacity":"","overlay-gradient":""}},"ast-content-background-meta":{"desktop":{"background-color":"var(--ast-global-color-5)","background-image":"","background-repeat":"repeat","background-position":"center center","background-size":"auto","background-attachment":"scroll","background-type":"","background-media":"","overlay-type":"","overlay-color":"","overlay-opacity":"","overlay-gradient":""},"tablet":{"background-color":"var(--ast-global-color-5)","background-image":"","background-repeat":"repeat","background-position":"center center","background-size":"auto","background-attachment":"scroll","background-type":"","background-media":"","overlay-type":"","overlay-color":"","overlay-opacity":"","overlay-gradient":""},"mobile":{"background-color":"var(--ast-global-color-5)","background-image":"","background-repeat":"repeat","background-position":"center center","background-size":"auto","background-attachment":"scroll","background-type":"","background-media":"","overlay-type":"","overlay-color":"","overlay-opacity":"","overlay-gradient":""}},"iawp_total_views":305,"footnotes":""},"categories":[153],"tags":[],"land":[62,54],"wirkungsbereich":[],"class_list":{"0":"post-7465","1":"post","2":"type-post","3":"status-publish","4":"format-standard","5":"has-post-thumbnail","7":"category-netzwerk","8":"land-afrika","9":"land-nigeria"},"acf":[],"_links":{"self":[{"href":"https:\/\/www.mission-21.org\/en\/wp-json\/wp\/v2\/posts\/7465","targetHints":{"allow":["GET"]}}],"collection":[{"href":"https:\/\/www.mission-21.org\/en\/wp-json\/wp\/v2\/posts"}],"about":[{"href":"https:\/\/www.mission-21.org\/en\/wp-json\/wp\/v2\/types\/post"}],"author":[{"embeddable":true,"href":"https:\/\/www.mission-21.org\/en\/wp-json\/wp\/v2\/users\/10"}],"replies":[{"embeddable":true,"href":"https:\/\/www.mission-21.org\/en\/wp-json\/wp\/v2\/comments?post=7465"}],"version-history":[{"count":23,"href":"https:\/\/www.mission-21.org\/en\/wp-json\/wp\/v2\/posts\/7465\/revisions"}],"predecessor-version":[{"id":8523,"href":"https:\/\/www.mission-21.org\/en\/wp-json\/wp\/v2\/posts\/7465\/revisions\/8523"}],"wp:featuredmedia":[{"embeddable":true,"href":"https:\/\/www.mission-21.org\/en\/wp-json\/wp\/v2\/media\/7480"}],"wp:attachment":[{"href":"https:\/\/www.mission-21.org\/en\/wp-json\/wp\/v2\/media?parent=7465"}],"wp:term":[{"taxonomy":"category","embeddable":true,"href":"https:\/\/www.mission-21.org\/en\/wp-json\/wp\/v2\/categories?post=7465"},{"taxonomy":"post_tag","embeddable":true,"href":"https:\/\/www.mission-21.org\/en\/wp-json\/wp\/v2\/tags?post=7465"},{"taxonomy":"land","embeddable":true,"href":"https:\/\/www.mission-21.org\/en\/wp-json\/wp\/v2\/land?post=7465"},{"taxonomy":"wirkungsbereich","embeddable":true,"href":"https:\/\/www.mission-21.org\/en\/wp-json\/wp\/v2\/wirkungsbereich?post=7465"}],"curies":[{"name":"wp","href":"https:\/\/api.w.org\/{rel}","templated":true}]}}