{"id":30,"count":7,"description":"Los ni\u00f1os con discapacidades lo pasan mal en Sud\u00e1frica. Apenas hay lugares donde se les apoye de la manera que necesitan en su situaci\u00f3n especial. Una de las pocas instalaciones para ni\u00f1os discapacitados en Sud\u00e1frica es el \"Hogar Elim\". Es un centro de apoyo donde se garantiza una atenci\u00f3n profesional y cari\u00f1osa durante todo el d\u00eda.\r\n<h4>Varios socios trabajan juntos<\/h4>\r\nEl proyecto est\u00e1 dirigido por la organizaci\u00f3n Misi\u00f3n Evang\u00e9lica en Solidaridad, Mission 21 contribuye a la financiaci\u00f3n. La organizaci\u00f3n local asociada es la Iglesia Morava de Sud\u00e1frica.\r\n<h4>Los ni\u00f1os reciben apoyo espec\u00edfico<\/h4>\r\nEl Hogar Elim se fund\u00f3 en 1963 para ayudar sobre todo a ni\u00f1os discapacitados, para los que no hab\u00eda instituciones que les apoyaran durante la \u00e9poca del apartheid. A diferencia de lo que ocurr\u00eda con los ni\u00f1os \"blancos\", en aquella \u00e9poca no hab\u00eda centros de atenci\u00f3n para ni\u00f1os \"de color\" con discapacidad mental. Incluso hoy en d\u00eda, hay muy pocas instalaciones, por lo que los ni\u00f1os vienen de un radio de 700 kil\u00f3metros. El objetivo del centro no es s\u00f3lo atender a los ni\u00f1os, sino tambi\u00e9n proporcionarles apoyo espec\u00edfico. Los residentes del Hogar Elim aprenden habilidades b\u00e1sicas para ser m\u00e1s independientes en actividades cotidianas sencillas.\r\n<h4>Integraci\u00f3n en la vida cotidiana<\/h4>\r\nLas instalaciones se encuentran en la antigua estaci\u00f3n misionera de Elim, a unos 220 kil\u00f3metros al este de Ciudad del Cabo. Mientras tanto, hay guarder\u00edas en los pueblos de Gansbaai y Bredasdorp, donde los ni\u00f1os reciben el apoyo de los terapeutas de lunes a viernes, pero tambi\u00e9n de padres especialmente formados. Con este nuevo programa se puede llegar a m\u00e1s ni\u00f1os. Adem\u00e1s, siguen integrados en sus estructuras familiares y sociales.","link":"https:\/\/www.mission-21.org\/es\/land\/afrika\/suedafrika\/","name":"Sud\u00e1frica","slug":"sudafricana","taxonomy":"land","parent":62,"meta":[],"acf":{"landcode":"ZA","spende-link":"","alternative_karte":10120},"_links":{"self":[{"href":"https:\/\/www.mission-21.org\/es\/wp-json\/wp\/v2\/land\/30","targetHints":{"allow":["GET"]}}],"collection":[{"href":"https:\/\/www.mission-21.org\/es\/wp-json\/wp\/v2\/land"}],"about":[{"href":"https:\/\/www.mission-21.org\/es\/wp-json\/wp\/v2\/taxonomies\/land"}],"up":[{"embeddable":true,"href":"https:\/\/www.mission-21.org\/es\/wp-json\/wp\/v2\/land\/62"}],"wp:post_type":[{"href":"https:\/\/www.mission-21.org\/es\/wp-json\/wp\/v2\/posts?land=30"},{"href":"https:\/\/www.mission-21.org\/es\/wp-json\/wp\/v2\/partner?land=30"},{"href":"https:\/\/www.mission-21.org\/es\/wp-json\/wp\/v2\/projekte?land=30"},{"href":"https:\/\/www.mission-21.org\/es\/wp-json\/wp\/v2\/team?land=30"},{"href":"https:\/\/www.mission-21.org\/es\/wp-json\/wp\/v2\/veranstaltung?land=30"}],"curies":[{"name":"wp","href":"https:\/\/api.w.org\/{rel}","templated":true}]}}