{"id":1356,"date":"2020-10-30T00:00:00","date_gmt":"2020-10-29T23:00:00","guid":{"rendered":"https:\/\/www.mission-21.org\/mission-21-sagt-ja-zur-konzernverantwortungsinitiative\/"},"modified":"2023-05-11T17:35:52","modified_gmt":"2023-05-11T15:35:52","slug":"mision-21-dice-si-a-la-iniciativa-de-responsabilidad-empresarial","status":"publish","type":"post","link":"https:\/\/www.mission-21.org\/es\/mission-21-sagt-ja-zur-konzernverantwortungsinitiative\/","title":{"rendered":"Misi\u00f3n 21 dice s\u00ed a la iniciativa de responsabilidad empresarial"},"content":{"rendered":"<p>Las empresas con sede en Suiza violan repetidamente los derechos humanos y da\u00f1an el medio ambiente. En los \u00faltimos a\u00f1os tambi\u00e9n se han hecho p\u00fablicos numerosos casos de este tipo en nuestros pa\u00edses asociados: En Nigeria, la filial de LafargeHolcim pone en peligro a las personas por las fugas de polvo de cemento. Syngenta vende en la India plaguicidas peligrosos para la vida que est\u00e1n prohibidos desde hace tiempo. Y Glencore envenena los r\u00edos de la Rep\u00fablica Democr\u00e1tica del Congo y desaloja a las campesinas ind\u00edgenas de Per\u00fa de sus tierras ancestrales. La Iniciativa de Responsabilidad Corporativa quiere poner fin a estas pr\u00e1cticas empresariales.<br \/><strong>Las empresas deben ser responsables de los da\u00f1os<\/strong><br \/> La iniciativa plantea la exigencia de normas de validez mundial, lo que en realidad es evidente en la econom\u00eda globalizada: Las empresas deben ser responsables de los da\u00f1os que causan. Por lo tanto, las partes afectadas deben tener la oportunidad de demandar por da\u00f1os y perjuicios en Suiza. Para ello, tienen que demostrar que la empresa es responsable de los da\u00f1os. Si la central suiza ha tomado las medidas adecuadas para evitar el da\u00f1o, la reclamaci\u00f3n ser\u00e1 desestimada. El cumplimiento de los derechos humanos y de las normas medioambientales reconocidas est\u00e1 en consonancia con el consenso internacional: en muchos otros pa\u00edses, lo que exige la iniciativa para Suiza es un hecho desde hace tiempo.<br \/><strong>La iglesia apoya la iniciativa<\/strong><br \/> Con la Iglesia Evang\u00e9lica Reformada de Suiza, la Conferencia Episcopal Suiza, la Alianza Evang\u00e9lica, as\u00ed como innumerables parroquias y organizaciones eclesi\u00e1sticas como Mission 21, la iglesia ha dado su amplio apoyo a la iniciativa. Esto es muy comprensible, porque la Iniciativa de Responsabilidad Corporativa se basa en preocupaciones centrales del mensaje b\u00edblico y la fe cristiana: la justicia, el amor al pr\u00f3jimo y la integridad de la creaci\u00f3n.<br \/><strong>Amplio apoyo<\/strong><br \/> Adem\u00e1s de m\u00e1s de 130 organizaciones de todos los sectores de la sociedad civil, el \"Comit\u00e9 Empresarial para la Empresa Responsable\" y el \"Comit\u00e9 C\u00edvico para la Responsabilidad Empresarial\" tambi\u00e9n apoyan la iniciativa. A nivel local, los voluntarios de toda Suiza han fundado m\u00e1s de 450 comit\u00e9s locales para defender la causa en su comunidad. Para Mission 21, la Iniciativa de Responsabilidad Corporativa es un paso importante hacia un mundo m\u00e1s justo. Vemos una y otra vez en nuestros pa\u00edses asociados cu\u00e1nto sufre la gente cuando nadie vigila que se respeten los derechos humanos y la protecci\u00f3n del medio ambiente. Es importante que trabajemos juntos y a todos los niveles de la sociedad contra estos abusos, tanto en el \u00e1mbito de la cooperaci\u00f3n al desarrollo como en el pol\u00edtico. Por eso tambi\u00e9n recomendamos el s\u00ed a la iniciativa.<\/p>\n<p><strong>Documental \"El informe del grupo<\/strong><\/p>\n<p><iframe allowfullscreen><\/iframe><\/p>\n<p><img decoding=\"async\" height=\"253\" src=\"\/fileadmin\/_processed_\/e\/a\/csm_KoVi_Banner_050eb969d2.jpg\" width=\"400\"><\/p>\n<p><!-- Link Back --><\/p>\n<div class=\"news-backlink-wrap\"><a href=\"\/es\/informar-a\/noticias\/\"><strong><\/p>\n<p>\t\t\t\t\t\t\t\t\t\t\t\tTodas las noticias<\/p>\n<p>\t\t\t\t\t\t\t\t\t<\/strong><\/a><\/div>","protected":false},"excerpt":{"rendered":"<p>El 29 de noviembre de 2020, votaremos en Suiza sobre la Iniciativa de Responsabilidad Corporativa. Mission 21 tambi\u00e9n apoya esta iniciativa. Las empresas deben ser consideradas responsables de los da\u00f1os a las personas y al medio ambiente.<\/p>","protected":false},"author":1,"featured_media":1358,"comment_status":"closed","ping_status":"open","sticky":false,"template":"","format":"standard","meta":{"_acf_changed":false,"_seopress_robots_primary_cat":"","_seopress_titles_title":"","_seopress_titles_desc":"","_seopress_robots_index":"","_searchwp_excluded":"","site-sidebar-layout":"default","site-content-layout":"","ast-site-content-layout":"default","site-content-style":"default","site-sidebar-style":"default","ast-global-header-display":"","ast-banner-title-visibility":"","ast-main-header-display":"","ast-hfb-above-header-display":"","ast-hfb-below-header-display":"","ast-hfb-mobile-header-display":"","site-post-title":"","ast-breadcrumbs-content":"","ast-featured-img":"","footer-sml-layout":"","ast-disable-related-posts":"","theme-transparent-header-meta":"","adv-header-id-meta":"","stick-header-meta":"","header-above-stick-meta":"","header-main-stick-meta":"","header-below-stick-meta":"","astra-migrate-meta-layouts":"default","ast-page-background-enabled":"default","ast-page-background-meta":{"desktop":{"background-color":"var(--ast-global-color-4)","background-image":"","background-repeat":"repeat","background-position":"center center","background-size":"auto","background-attachment":"scroll","background-type":"","background-media":"","overlay-type":"","overlay-color":"","overlay-opacity":"","overlay-gradient":""},"tablet":{"background-color":"","background-image":"","background-repeat":"repeat","background-position":"center center","background-size":"auto","background-attachment":"scroll","background-type":"","background-media":"","overlay-type":"","overlay-color":"","overlay-opacity":"","overlay-gradient":""},"mobile":{"background-color":"","background-image":"","background-repeat":"repeat","background-position":"center center","background-size":"auto","background-attachment":"scroll","background-type":"","background-media":"","overlay-type":"","overlay-color":"","overlay-opacity":"","overlay-gradient":""}},"ast-content-background-meta":{"desktop":{"background-color":"var(--ast-global-color-5)","background-image":"","background-repeat":"repeat","background-position":"center center","background-size":"auto","background-attachment":"scroll","background-type":"","background-media":"","overlay-type":"","overlay-color":"","overlay-opacity":"","overlay-gradient":""},"tablet":{"background-color":"var(--ast-global-color-5)","background-image":"","background-repeat":"repeat","background-position":"center center","background-size":"auto","background-attachment":"scroll","background-type":"","background-media":"","overlay-type":"","overlay-color":"","overlay-opacity":"","overlay-gradient":""},"mobile":{"background-color":"var(--ast-global-color-5)","background-image":"","background-repeat":"repeat","background-position":"center center","background-size":"auto","background-attachment":"scroll","background-type":"","background-media":"","overlay-type":"","overlay-color":"","overlay-opacity":"","overlay-gradient":""}},"iawp_total_views":14,"footnotes":""},"categories":[154,155,153],"tags":[],"land":[],"wirkungsbereich":[],"class_list":{"0":"post-1356","1":"post","2":"type-post","3":"status-publish","4":"format-standard","5":"has-post-thumbnail","7":"category-advocacy","8":"category-menschen","9":"category-netzwerk"},"acf":[],"_links":{"self":[{"href":"https:\/\/www.mission-21.org\/es\/wp-json\/wp\/v2\/posts\/1356","targetHints":{"allow":["GET"]}}],"collection":[{"href":"https:\/\/www.mission-21.org\/es\/wp-json\/wp\/v2\/posts"}],"about":[{"href":"https:\/\/www.mission-21.org\/es\/wp-json\/wp\/v2\/types\/post"}],"author":[{"embeddable":true,"href":"https:\/\/www.mission-21.org\/es\/wp-json\/wp\/v2\/users\/1"}],"replies":[{"embeddable":true,"href":"https:\/\/www.mission-21.org\/es\/wp-json\/wp\/v2\/comments?post=1356"}],"version-history":[{"count":1,"href":"https:\/\/www.mission-21.org\/es\/wp-json\/wp\/v2\/posts\/1356\/revisions"}],"predecessor-version":[{"id":1357,"href":"https:\/\/www.mission-21.org\/es\/wp-json\/wp\/v2\/posts\/1356\/revisions\/1357"}],"wp:featuredmedia":[{"embeddable":true,"href":"https:\/\/www.mission-21.org\/es\/wp-json\/wp\/v2\/media\/1358"}],"wp:attachment":[{"href":"https:\/\/www.mission-21.org\/es\/wp-json\/wp\/v2\/media?parent=1356"}],"wp:term":[{"taxonomy":"category","embeddable":true,"href":"https:\/\/www.mission-21.org\/es\/wp-json\/wp\/v2\/categories?post=1356"},{"taxonomy":"post_tag","embeddable":true,"href":"https:\/\/www.mission-21.org\/es\/wp-json\/wp\/v2\/tags?post=1356"},{"taxonomy":"land","embeddable":true,"href":"https:\/\/www.mission-21.org\/es\/wp-json\/wp\/v2\/land?post=1356"},{"taxonomy":"wirkungsbereich","embeddable":true,"href":"https:\/\/www.mission-21.org\/es\/wp-json\/wp\/v2\/wirkungsbereich?post=1356"}],"curies":[{"name":"wp","href":"https:\/\/api.w.org\/{rel}","templated":true}]}}