{"id":1464,"date":"2020-04-08T00:00:00","date_gmt":"2020-04-07T22:00:00","guid":{"rendered":"https:\/\/www.mission-21.org\/kamerun-700-000-menschen-auf-der-flucht\/"},"modified":"2023-05-17T17:35:42","modified_gmt":"2023-05-17T15:35:42","slug":"kamerun-700-000-menschen-auf-der-flucht","status":"publish","type":"post","link":"https:\/\/www.mission-21.org\/es\/kamerun-700-000-menschen-auf-der-flucht\/","title":{"rendered":"Camer\u00fan: 700.000 personas en fuga"},"content":{"rendered":"<p>\"Los soldados asaltaron nuestro pueblo y dispararon a mansalva. Desesperadamente buscamos refugio en el bosque. <strong>Llenos de miedo nos escondimos all\u00ed<\/strong><strong>durante d\u00edas sin comida y sin agua limpia<\/strong>. Cada crujido o susurro nos hac\u00eda estremecer\", dice Constance, la madre. Como los medios de comunicaci\u00f3n rara vez informan sobre este brutal conflicto en Camer\u00fan, recibe poca atenci\u00f3n. Por lo tanto, la gente como Constance apenas recibe ayuda. Mission 21 y sus socios est\u00e1n al lado de los afectados sobre el terreno. La poblaci\u00f3n conf\u00eda en ellas como instituciones eclesi\u00e1sticas.<strong> De este modo, son las \u00fanicas organizaciones que pueden proporcionar a los refugiados en el monte alimentos y medicinas esenciales para la supervivencia<\/strong>. Constance, su beb\u00e9 y su abuela tambi\u00e9n recibieron el apoyo que necesitaban y hoy est\u00e1n a salvo. Por favor, done hoy mismo para una ayuda de emergencia vital. Al hacerlo, devolver\u00e1s lo m\u00e1s importante a otras personas que lo han perdido todo: su valor para afrontar la vida.<\/p>\n<p><a href=\"\/es\/donar\/\">Donar ahora<\/a><\/p>\n<p><a href=\"\/fileadmin\/Webseite_Mission_21\/Fundraising_Flyer\/Flyer_April_2020_Spendenmailing.pdf\">\u25ba M\u00e1s informaci\u00f3n en el folleto de donaciones<\/a><\/p>\n<p><a href=\"\/fileadmin\/Webseite_Mission_21\/Fundraising_Flyer\/Spendenbrief_April_2020_Kamerun.pdf\">\u25ba Leer el llamamiento a las donaciones<\/a><\/p>\n<p><a href=\"https:\/\/www.mission-21.org\/es\/que-hacemos\/proyectos-y-socios\/proyecto\/ayuda-de-emergencia-y-reconstruccion-en-camerun\/\" target=\"_blank\" rel=\"noopener\">\u25ba M\u00e1s informaci\u00f3n sobre el proyecto de emergencia<\/a><\/p>\n<p><!-- Link Back --><\/p>\n<div class=\"news-backlink-wrap\"><a href=\"\/es\/informar-a\/noticias\/\"><strong><\/p>\n<p>\t\t\t\t\t\t\t\t\t\t\t\tTodas las noticias<\/p>\n<p>\t\t\t\t\t\t\t\t\t<\/strong><\/a><\/div>","protected":false},"excerpt":{"rendered":"<p>En el oeste de Camer\u00fan hay actualmente una sangrienta guerra entre los separatistas y el ej\u00e9rcito. La poblaci\u00f3n civil se est\u00e1 convirtiendo en v\u00edctima de estos combates.<\/p>","protected":false},"author":1,"featured_media":1465,"comment_status":"closed","ping_status":"open","sticky":false,"template":"","format":"standard","meta":{"_acf_changed":false,"_seopress_robots_primary_cat":"","_seopress_titles_title":"","_seopress_titles_desc":"","_seopress_robots_index":"","_searchwp_excluded":"","site-sidebar-layout":"default","site-content-layout":"","ast-site-content-layout":"default","site-content-style":"default","site-sidebar-style":"default","ast-global-header-display":"","ast-banner-title-visibility":"","ast-main-header-display":"","ast-hfb-above-header-display":"","ast-hfb-below-header-display":"","ast-hfb-mobile-header-display":"","site-post-title":"","ast-breadcrumbs-content":"","ast-featured-img":"","footer-sml-layout":"","ast-disable-related-posts":"","theme-transparent-header-meta":"","adv-header-id-meta":"","stick-header-meta":"","header-above-stick-meta":"","header-main-stick-meta":"","header-below-stick-meta":"","astra-migrate-meta-layouts":"default","ast-page-background-enabled":"default","ast-page-background-meta":{"desktop":{"background-color":"var(--ast-global-color-4)","background-image":"","background-repeat":"repeat","background-position":"center center","background-size":"auto","background-attachment":"scroll","background-type":"","background-media":"","overlay-type":"","overlay-color":"","overlay-opacity":"","overlay-gradient":""},"tablet":{"background-color":"","background-image":"","background-repeat":"repeat","background-position":"center center","background-size":"auto","background-attachment":"scroll","background-type":"","background-media":"","overlay-type":"","overlay-color":"","overlay-opacity":"","overlay-gradient":""},"mobile":{"background-color":"","background-image":"","background-repeat":"repeat","background-position":"center center","background-size":"auto","background-attachment":"scroll","background-type":"","background-media":"","overlay-type":"","overlay-color":"","overlay-opacity":"","overlay-gradient":""}},"ast-content-background-meta":{"desktop":{"background-color":"var(--ast-global-color-5)","background-image":"","background-repeat":"repeat","background-position":"center center","background-size":"auto","background-attachment":"scroll","background-type":"","background-media":"","overlay-type":"","overlay-color":"","overlay-opacity":"","overlay-gradient":""},"tablet":{"background-color":"var(--ast-global-color-5)","background-image":"","background-repeat":"repeat","background-position":"center center","background-size":"auto","background-attachment":"scroll","background-type":"","background-media":"","overlay-type":"","overlay-color":"","overlay-opacity":"","overlay-gradient":""},"mobile":{"background-color":"var(--ast-global-color-5)","background-image":"","background-repeat":"repeat","background-position":"center center","background-size":"auto","background-attachment":"scroll","background-type":"","background-media":"","overlay-type":"","overlay-color":"","overlay-opacity":"","overlay-gradient":""}},"iawp_total_views":79,"footnotes":""},"categories":[152],"tags":[],"land":[62,24],"wirkungsbereich":[],"class_list":{"0":"post-1464","1":"post","2":"type-post","3":"status-publish","4":"format-standard","5":"has-post-thumbnail","7":"category-aus-den-projekten","8":"land-afrika","9":"land-kamerun"},"acf":[],"_links":{"self":[{"href":"https:\/\/www.mission-21.org\/es\/wp-json\/wp\/v2\/posts\/1464","targetHints":{"allow":["GET"]}}],"collection":[{"href":"https:\/\/www.mission-21.org\/es\/wp-json\/wp\/v2\/posts"}],"about":[{"href":"https:\/\/www.mission-21.org\/es\/wp-json\/wp\/v2\/types\/post"}],"author":[{"embeddable":true,"href":"https:\/\/www.mission-21.org\/es\/wp-json\/wp\/v2\/users\/1"}],"replies":[{"embeddable":true,"href":"https:\/\/www.mission-21.org\/es\/wp-json\/wp\/v2\/comments?post=1464"}],"version-history":[{"count":1,"href":"https:\/\/www.mission-21.org\/es\/wp-json\/wp\/v2\/posts\/1464\/revisions"}],"predecessor-version":[{"id":1886,"href":"https:\/\/www.mission-21.org\/es\/wp-json\/wp\/v2\/posts\/1464\/revisions\/1886"}],"wp:featuredmedia":[{"embeddable":true,"href":"https:\/\/www.mission-21.org\/es\/wp-json\/wp\/v2\/media\/1465"}],"wp:attachment":[{"href":"https:\/\/www.mission-21.org\/es\/wp-json\/wp\/v2\/media?parent=1464"}],"wp:term":[{"taxonomy":"category","embeddable":true,"href":"https:\/\/www.mission-21.org\/es\/wp-json\/wp\/v2\/categories?post=1464"},{"taxonomy":"post_tag","embeddable":true,"href":"https:\/\/www.mission-21.org\/es\/wp-json\/wp\/v2\/tags?post=1464"},{"taxonomy":"land","embeddable":true,"href":"https:\/\/www.mission-21.org\/es\/wp-json\/wp\/v2\/land?post=1464"},{"taxonomy":"wirkungsbereich","embeddable":true,"href":"https:\/\/www.mission-21.org\/es\/wp-json\/wp\/v2\/wirkungsbereich?post=1464"}],"curies":[{"name":"wp","href":"https:\/\/api.w.org\/{rel}","templated":true}]}}