{"id":16839,"date":"2025-03-27T15:57:10","date_gmt":"2025-03-27T14:57:10","guid":{"rendered":"https:\/\/www.mission-21.org\/?p=16839"},"modified":"2025-04-08T15:57:28","modified_gmt":"2025-04-08T13:57:28","slug":"peligro-renovado-de-guerra-civil-en-sudan-del-sur-ayuda-ya","status":"publish","type":"post","link":"https:\/\/www.mission-21.org\/es\/erneute-gefahr-eines-buergerkriegs-im-suedsudan-helfen-sie-jetzt\/","title":{"rendered":"Peligro renovado de guerra civil en Sud\u00e1n del Sur: \u00a1Ayuda ya!"},"content":{"rendered":"<p><strong>Otro sangriento conflicto amenaza con estallar en el pa\u00eds m\u00e1s joven del mundo. Se est\u00e1n produciendo violentos enfrentamientos entre las tropas gubernamentales y las milicias; tambi\u00e9n han ca\u00eddo bombas cerca de la capital, Juba. Seg\u00fan la ONU, 60.000 personas est\u00e1n huyendo. Se necesita urgentemente ayuda humanitaria.<\/strong><\/p>\n\n\n\n<p>Desde hace semanas se vienen produciendo violentos enfrentamientos en varias ciudades de Sud\u00e1n del Sur. La semana pasada, el gobierno sursudan\u00e9s tambi\u00e9n llev\u00f3 tropas de Uganda a Juba para asegurar la capital y, al mismo tiempo, bombardear Nasir (estado del Alto Nilo). Decenas de personas murieron en los enfrentamientos. Al menos 60.000 personas han huido de la regi\u00f3n afectada desde febrero.<\/p>\n\n\n\n<p>El presidente Salva Kiir y el vicepresidente Riek Machar se acusan mutuamente de alimentar el conflicto. Hace apenas unos d\u00edas, Salva Kiir afirmaba querer mantener la fr\u00e1gil paz, pero ahora Riek Machar ha sido sacado de su casa con tropas fuertemente armadas y puesto bajo arresto domiciliario.<\/p>\n\n\n\n<h2 class=\"wp-block-heading\">Mission 21 planea una misi\u00f3n de ayuda<\/h2>\n\n\n\n<p>Sud\u00e1n del Sur, con una poblaci\u00f3n de unos once millones de habitantes, vivi\u00f3 una grave guerra civil tras independizarse de su vecino del norte, Sud\u00e1n, en 2011. El presidente Salva Kiir Mayardit y su oponente Riek Machar formaron un gobierno de transici\u00f3n conjunto en 2020, que ahora corre peligro de fracasar. El jefe de la misi\u00f3n local de la ONU, Nicholas Haysom, y las iglesias de Sud\u00e1n del Sur han pedido a los opositores que se comprometan con el acuerdo de paz de 2018 y pongan fin a la violencia.<\/p>\n\n\n\n<p>Mission 21 est\u00e1 presente en Sud\u00e1n del Sur desde hace muchos a\u00f1os y, junto con su iglesia asociada PCOSS, el Consejo de Iglesias de Sud\u00e1n del Sur SSCC y otras organizaciones, participa activamente en diversos proyectos, entre ellos de consolidaci\u00f3n de la paz. Junto con sus organizaciones asociadas, Mission 21 se est\u00e1 preparando para proporcionar ayuda humanitaria espec\u00edfica.<\/p>\n\n\n\n<p>Nuestra empleada local describe la fr\u00e1gil situaci\u00f3n actual. Guliba Florence Hakim nos anima a aprovechar el periodo de Pascua para trabajar activamente por la paz. \"La Pascua significa un nuevo comienzo\", afirma.<\/p>\n\n\n\n<figure class=\"wp-block-embed is-type-video is-provider-vimeo wp-block-embed-vimeo wp-embed-aspect-16-9 wp-has-aspect-ratio\"><div class=\"wp-block-embed__wrapper\">\n<iframe hcb-fetch-image-from=\"https:\/\/vimeo.com\/1073569409\" title=\"Semana Santa 2025\" src=\"https:\/\/player.vimeo.com\/video\/1073569409?dnt=1&amp;app_id=122963\" width=\"500\" height=\"281\" frameborder=\"0\" allow=\"autoplay; fullscreen; picture-in-picture; clipboard-write; encrypted-media\"><\/iframe>\n<\/div><\/figure>\n\n\n\n<p><\/p>\n\n\n\n<p><a href=\"https:\/\/www.mission-21.org\/es\/proyectos\/ayuda-humanitaria-en-sudan-del-sur\/\" target=\"_blank\" rel=\"noreferrer noopener\">Donaciones para la ayuda humanitaria en Sud\u00e1n del Sur<\/a><\/p>\n\n\n\n<p><a href=\"https:\/\/www.mission-21.org\/es\/avance-campana-2025\/\">\u25ba \"En pie por una sociedad pac\u00edfica\": la campa\u00f1a 2025 de Mission 21 se centra en la consolidaci\u00f3n de la paz&nbsp;<\/a><\/p>\n\n\n\n<p><a href=\"https:\/\/koff.swisspeace.ch\/apropos\/5172\/south-sudan-between-hope-and-oblivion\/\" target=\"_blank\" rel=\"noreferrer noopener\">\u25ba \"Sud\u00e1n del Sur - Entre la esperanza y el olvido\" art\u00edculo en la revista \"\u00e0 propos\" <\/a><\/p>","protected":false},"excerpt":{"rendered":"<p><strong>Otro sangriento conflicto amenaza con estallar en el pa\u00eds m\u00e1s joven del mundo. Seg\u00fan la ONU, al menos 60.000 personas est\u00e1n huyendo.<\/strong><\/p>","protected":false},"author":17,"featured_media":16842,"comment_status":"closed","ping_status":"closed","sticky":false,"template":"","format":"standard","meta":{"_acf_changed":false,"_seopress_robots_primary_cat":"none","_seopress_titles_title":"","_seopress_titles_desc":"","_seopress_robots_index":"","_searchwp_excluded":"","site-sidebar-layout":"default","site-content-layout":"","ast-site-content-layout":"default","site-content-style":"default","site-sidebar-style":"default","ast-global-header-display":"","ast-banner-title-visibility":"","ast-main-header-display":"","ast-hfb-above-header-display":"","ast-hfb-below-header-display":"","ast-hfb-mobile-header-display":"","site-post-title":"","ast-breadcrumbs-content":"","ast-featured-img":"","footer-sml-layout":"","ast-disable-related-posts":"","theme-transparent-header-meta":"","adv-header-id-meta":"","stick-header-meta":"","header-above-stick-meta":"","header-main-stick-meta":"","header-below-stick-meta":"","astra-migrate-meta-layouts":"set","ast-page-background-enabled":"default","ast-page-background-meta":{"desktop":{"background-color":"var(--ast-global-color-4)","background-image":"","background-repeat":"repeat","background-position":"center center","background-size":"auto","background-attachment":"scroll","background-type":"","background-media":"","overlay-type":"","overlay-color":"","overlay-opacity":"","overlay-gradient":""},"tablet":{"background-color":"","background-image":"","background-repeat":"repeat","background-position":"center center","background-size":"auto","background-attachment":"scroll","background-type":"","background-media":"","overlay-type":"","overlay-color":"","overlay-opacity":"","overlay-gradient":""},"mobile":{"background-color":"","background-image":"","background-repeat":"repeat","background-position":"center center","background-size":"auto","background-attachment":"scroll","background-type":"","background-media":"","overlay-type":"","overlay-color":"","overlay-opacity":"","overlay-gradient":""}},"ast-content-background-meta":{"desktop":{"background-color":"var(--ast-global-color-5)","background-image":"","background-repeat":"repeat","background-position":"center center","background-size":"auto","background-attachment":"scroll","background-type":"","background-media":"","overlay-type":"","overlay-color":"","overlay-opacity":"","overlay-gradient":""},"tablet":{"background-color":"var(--ast-global-color-5)","background-image":"","background-repeat":"repeat","background-position":"center center","background-size":"auto","background-attachment":"scroll","background-type":"","background-media":"","overlay-type":"","overlay-color":"","overlay-opacity":"","overlay-gradient":""},"mobile":{"background-color":"var(--ast-global-color-5)","background-image":"","background-repeat":"repeat","background-position":"center center","background-size":"auto","background-attachment":"scroll","background-type":"","background-media":"","overlay-type":"","overlay-color":"","overlay-opacity":"","overlay-gradient":""}},"iawp_total_views":382,"footnotes":""},"categories":[155,153],"tags":[],"land":[62,13],"wirkungsbereich":[16,376],"class_list":{"0":"post-16839","1":"post","2":"type-post","3":"status-publish","4":"format-standard","5":"has-post-thumbnail","7":"category-menschen","8":"category-netzwerk","9":"land-afrika","10":"land-suedsudan","11":"wirkungsbereich-friedensfoerderung","12":"wirkungsbereich-humanitaere-hilfe"},"acf":[],"_links":{"self":[{"href":"https:\/\/www.mission-21.org\/es\/wp-json\/wp\/v2\/posts\/16839","targetHints":{"allow":["GET"]}}],"collection":[{"href":"https:\/\/www.mission-21.org\/es\/wp-json\/wp\/v2\/posts"}],"about":[{"href":"https:\/\/www.mission-21.org\/es\/wp-json\/wp\/v2\/types\/post"}],"author":[{"embeddable":true,"href":"https:\/\/www.mission-21.org\/es\/wp-json\/wp\/v2\/users\/17"}],"replies":[{"embeddable":true,"href":"https:\/\/www.mission-21.org\/es\/wp-json\/wp\/v2\/comments?post=16839"}],"version-history":[{"count":23,"href":"https:\/\/www.mission-21.org\/es\/wp-json\/wp\/v2\/posts\/16839\/revisions"}],"predecessor-version":[{"id":17076,"href":"https:\/\/www.mission-21.org\/es\/wp-json\/wp\/v2\/posts\/16839\/revisions\/17076"}],"wp:featuredmedia":[{"embeddable":true,"href":"https:\/\/www.mission-21.org\/es\/wp-json\/wp\/v2\/media\/16842"}],"wp:attachment":[{"href":"https:\/\/www.mission-21.org\/es\/wp-json\/wp\/v2\/media?parent=16839"}],"wp:term":[{"taxonomy":"category","embeddable":true,"href":"https:\/\/www.mission-21.org\/es\/wp-json\/wp\/v2\/categories?post=16839"},{"taxonomy":"post_tag","embeddable":true,"href":"https:\/\/www.mission-21.org\/es\/wp-json\/wp\/v2\/tags?post=16839"},{"taxonomy":"land","embeddable":true,"href":"https:\/\/www.mission-21.org\/es\/wp-json\/wp\/v2\/land?post=16839"},{"taxonomy":"wirkungsbereich","embeddable":true,"href":"https:\/\/www.mission-21.org\/es\/wp-json\/wp\/v2\/wirkungsbereich?post=16839"}],"curies":[{"name":"wp","href":"https:\/\/api.w.org\/{rel}","templated":true}]}}