{"id":1731,"date":"2018-06-28T00:00:00","date_gmt":"2018-06-27T22:00:00","guid":{"rendered":"https:\/\/www.mission-21.org\/mission-21-in-den-medien-portraet-einer-jugendbotschafterin-und-gnesa-podium-im-zentrum\/"},"modified":"2023-05-11T17:35:52","modified_gmt":"2023-05-11T15:35:52","slug":"mision-21-en-los-medios-de-comunicacion-portraet-un-embajador-juvenil-y-gnesa-podium-en-el-centro","status":"publish","type":"post","link":"https:\/\/www.mission-21.org\/es\/mission-21-in-den-medien-portraet-einer-jugendbotschafterin-und-gnesa-podium-im-zentrum\/","title":{"rendered":"Misi\u00f3n 21 en los medios de comunicaci\u00f3n: Retrato de un joven embajador y panel de Gnesa en el centro"},"content":{"rendered":"<p>El peri\u00f3dico reformiert. se centr\u00f3 en los \"j\u00f3venes\" y las \"mujeres\" en su cobertura de la Semana del S\u00ednodo de Misi\u00f3n 21 en Aarau. En el avance del evento se destac\u00f3 la conferencia de mujeres del 13 de junio. Y como rese\u00f1a en el n\u00famero de julio y <a href=\"http:\/\/reformiert.info\/artikel\/aargau\/die-ambassadorin-der-verst%C3%A4ndigung\" target=\"_blank\" rel=\"noopener\">en l\u00ednea <\/a>los editores eligieron el retrato de un delegado juvenil.<\/p>\n<p>El art\u00edculo, v\u00edvidamente escrito, nos presenta a un joven adulto reflexivo. Anna Bachofner, de 24 a\u00f1os, es estudiante de trabajo social en Berna. Es cr\u00edtica con la \"misi\u00f3n\", pero le convenci\u00f3 el trabajo pr\u00e1ctico sobre el terreno durante un viaje de encuentro de Misi\u00f3n 21 a Ghana: \"...los efectos positivos de los proyectos de construcci\u00f3n de la paz son muy impresionantes\".<\/p>\n<p><strong>Noche de debate con Eduard Gnesa sobre la pol\u00edtica de refugiados<\/strong><br \/> El bolet\u00edn eclesi\u00e1stico intercantonal inform\u00f3 detalladamente sobre la presentaci\u00f3n de Eduard Gnesa en su p\u00e1gina web. El antiguo Enviado Especial de la ONU para la Migraci\u00f3n es uno de los expertos m\u00e1s profundos en materia de migraci\u00f3n. El art\u00edculo sobre <a href=\"https:\/\/www.kirchenbote-online.ch\/artikel\/?id=15574&amp;artikel=Fl%C3%BCchtlingspolitik:%20Die%20internationale%20Solidarit%C3%A4t%20br%C3%B6ckelt\" target=\"_blank\" rel=\"noopener\">kirchenbote-online.ch<\/a> ofrece un buen resumen de las afirmaciones y hechos m\u00e1s importantes que Gnesa present\u00f3 en su documento.<\/p>\n<p>Gnesa tambi\u00e9n disip\u00f3 los prejuicios comunes. Es \u00c1frica, y no Europa, la que soporta la mayor carga de refugiados. La gran mayor\u00eda de los refugiados africanos buscan protecci\u00f3n en los pa\u00edses vecinos o como \"refugiados internos\" en otra regi\u00f3n de su propio pa\u00eds. Los refugiados que vienen a Europa, adem\u00e1s, lo hacen s\u00f3lo en peque\u00f1a medida por motivos econ\u00f3micos: \"Los que solicitan asilo en nuestro pa\u00eds suelen ser aut\u00e9nticos perseguidos\", subraya Gnesa. subray\u00f3 Gnesa.<\/p>\n<p>El Regionaljournal Aargau\/Solothurn de Radio SRF 1 inform\u00f3 sobre la Asamblea Continental Europa, una de las organizaciones de apoyo de Mission 21, en el programa vespertino del 14 de junio, entrevistando al anfitri\u00f3n del S\u00ednodo de la Misi\u00f3n, el reverendo Christoph Weber-Berg, Presidente de la Iglesia Cantonal de Argovia.<\/p>\n<p><strong>Nuevo miembro de la Junta Directiva Claudia Hoffmann<\/strong><br \/> Por \u00faltimo, el refuerzo del consejo de administraci\u00f3n de Misi\u00f3n 21 fue un tema para varios medios de comunicaci\u00f3n. El viernes 15 de junio, el S\u00ednodo de la Misi\u00f3n eligi\u00f3 a la Dra. Claudia Hoffmann, te\u00f3loga de Basilea, para el Consejo de la Misi\u00f3n 21. El portal de los medios de comunicaci\u00f3n de los reformados, ref.ch, y el portal de los medios de comunicaci\u00f3n de los cat\u00f3licos, kath.ch, informaron de ello en el marco de un informe final sobre el S\u00ednodo en su conjunto.<\/p>\n<p><a href=\"http:\/\/reformiert.info\/artikel\/aargau\/die-ambassadorin-der-verst%C3%A4ndigung\" target=\"_blank\" rel=\"noopener\">\u25ba Leer el retrato completo de Anna Bachofner<\/a><\/p>\n<p><a href=\"https:\/\/www.kirchenbote-online.ch\/artikel\/?id=15574&amp;artikel=Fl%C3%BCchtlingspolitik:%20Die%20internationale%20Solidarit%C3%A4t%20br%C3%B6ckelt\" target=\"_blank\" rel=\"noopener\">\u25ba Informe sobre la velada de debate con Eduard Gnesa en la web<\/a><\/p>\n<p><a href=\"https:\/\/www.srf.ch\/sendungen\/regionaljournal-aargau-solothurn\/solothurner-spitaeler-ag-fehlt-in-dornach-das-geld\" target=\"_blank\" rel=\"noopener\">\u25ba Informe sobre la Asamblea Continental Europa en el Diario Regional AG\/SO, a partir del minuto 10:10<\/a><\/p>\n<p><a href=\"https:\/\/www.ref.ch\/news\/mission-21-erweitert-vorstand-um-ein-siebtes-weibliches-mitglied\/\" target=\"_blank\" rel=\"noopener\">\u25ba La elecci\u00f3n de Claudia Hoffmann para el Consejo de Misi\u00f3n 21 en ref.ch<\/a><\/p>\n<p><a href=\"https:\/\/www.kath.ch\/medienspiegel\/internationale-missionssynode-2018-buntes-fest-als-abschluss\/\" target=\"_blank\" rel=\"noopener\">\u25ba El informe sobre la semana sinodal en kath.ch<\/a><\/p>\n<p><!-- Link Back --><\/p>\n<div class=\"news-backlink-wrap\"><a href=\"\/es\/informar-a\/noticias\/\"><strong><\/p>\n<p>\t\t\t\t\t\t\t\t\t\t\t\tTodas las noticias<\/p>\n<p>\t\t\t\t\t\t\t\t\t<\/strong><\/a><\/div>","protected":false},"excerpt":{"rendered":"<p>El peri\u00f3dico reformiert. Aargau public\u00f3 en su n\u00famero de julio el retrato de un joven embajador de Misi\u00f3n 21. En el art\u00edculo reformiert. puede leer c\u00f3mo Mission 21 pudo inspirar a la joven cr\u00edtica para su programa de embajadas juveniles. En otros medios de comunicaci\u00f3n, la velada de debate con el antiguo embajador especial Eduard Gnesa fue especialmente bien recibida.<\/p>","protected":false},"author":1,"featured_media":1732,"comment_status":"closed","ping_status":"open","sticky":false,"template":"","format":"standard","meta":{"_acf_changed":false,"_seopress_robots_primary_cat":"","_seopress_titles_title":"","_seopress_titles_desc":"","_seopress_robots_index":"","_searchwp_excluded":"","site-sidebar-layout":"default","site-content-layout":"","ast-site-content-layout":"default","site-content-style":"default","site-sidebar-style":"default","ast-global-header-display":"","ast-banner-title-visibility":"","ast-main-header-display":"","ast-hfb-above-header-display":"","ast-hfb-below-header-display":"","ast-hfb-mobile-header-display":"","site-post-title":"","ast-breadcrumbs-content":"","ast-featured-img":"","footer-sml-layout":"","ast-disable-related-posts":"","theme-transparent-header-meta":"","adv-header-id-meta":"","stick-header-meta":"","header-above-stick-meta":"","header-main-stick-meta":"","header-below-stick-meta":"","astra-migrate-meta-layouts":"default","ast-page-background-enabled":"default","ast-page-background-meta":{"desktop":{"background-color":"var(--ast-global-color-4)","background-image":"","background-repeat":"repeat","background-position":"center center","background-size":"auto","background-attachment":"scroll","background-type":"","background-media":"","overlay-type":"","overlay-color":"","overlay-opacity":"","overlay-gradient":""},"tablet":{"background-color":"","background-image":"","background-repeat":"repeat","background-position":"center center","background-size":"auto","background-attachment":"scroll","background-type":"","background-media":"","overlay-type":"","overlay-color":"","overlay-opacity":"","overlay-gradient":""},"mobile":{"background-color":"","background-image":"","background-repeat":"repeat","background-position":"center center","background-size":"auto","background-attachment":"scroll","background-type":"","background-media":"","overlay-type":"","overlay-color":"","overlay-opacity":"","overlay-gradient":""}},"ast-content-background-meta":{"desktop":{"background-color":"var(--ast-global-color-5)","background-image":"","background-repeat":"repeat","background-position":"center center","background-size":"auto","background-attachment":"scroll","background-type":"","background-media":"","overlay-type":"","overlay-color":"","overlay-opacity":"","overlay-gradient":""},"tablet":{"background-color":"var(--ast-global-color-5)","background-image":"","background-repeat":"repeat","background-position":"center center","background-size":"auto","background-attachment":"scroll","background-type":"","background-media":"","overlay-type":"","overlay-color":"","overlay-opacity":"","overlay-gradient":""},"mobile":{"background-color":"var(--ast-global-color-5)","background-image":"","background-repeat":"repeat","background-position":"center center","background-size":"auto","background-attachment":"scroll","background-type":"","background-media":"","overlay-type":"","overlay-color":"","overlay-opacity":"","overlay-gradient":""}},"iawp_total_views":19,"footnotes":""},"categories":[155,153,157],"tags":[276],"land":[],"wirkungsbereich":[],"class_list":{"0":"post-1731","1":"post","2":"type-post","3":"status-publish","4":"format-standard","5":"has-post-thumbnail","7":"category-menschen","8":"category-netzwerk","9":"category-youngmission21","10":"tag-missionssynode-2018"},"acf":[],"_links":{"self":[{"href":"https:\/\/www.mission-21.org\/es\/wp-json\/wp\/v2\/posts\/1731","targetHints":{"allow":["GET"]}}],"collection":[{"href":"https:\/\/www.mission-21.org\/es\/wp-json\/wp\/v2\/posts"}],"about":[{"href":"https:\/\/www.mission-21.org\/es\/wp-json\/wp\/v2\/types\/post"}],"author":[{"embeddable":true,"href":"https:\/\/www.mission-21.org\/es\/wp-json\/wp\/v2\/users\/1"}],"replies":[{"embeddable":true,"href":"https:\/\/www.mission-21.org\/es\/wp-json\/wp\/v2\/comments?post=1731"}],"version-history":[{"count":1,"href":"https:\/\/www.mission-21.org\/es\/wp-json\/wp\/v2\/posts\/1731\/revisions"}],"predecessor-version":[{"id":1858,"href":"https:\/\/www.mission-21.org\/es\/wp-json\/wp\/v2\/posts\/1731\/revisions\/1858"}],"wp:featuredmedia":[{"embeddable":true,"href":"https:\/\/www.mission-21.org\/es\/wp-json\/wp\/v2\/media\/1732"}],"wp:attachment":[{"href":"https:\/\/www.mission-21.org\/es\/wp-json\/wp\/v2\/media?parent=1731"}],"wp:term":[{"taxonomy":"category","embeddable":true,"href":"https:\/\/www.mission-21.org\/es\/wp-json\/wp\/v2\/categories?post=1731"},{"taxonomy":"post_tag","embeddable":true,"href":"https:\/\/www.mission-21.org\/es\/wp-json\/wp\/v2\/tags?post=1731"},{"taxonomy":"land","embeddable":true,"href":"https:\/\/www.mission-21.org\/es\/wp-json\/wp\/v2\/land?post=1731"},{"taxonomy":"wirkungsbereich","embeddable":true,"href":"https:\/\/www.mission-21.org\/es\/wp-json\/wp\/v2\/wirkungsbereich?post=1731"}],"curies":[{"name":"wp","href":"https:\/\/api.w.org\/{rel}","templated":true}]}}