{"id":1739,"date":"2018-06-15T00:00:00","date_gmt":"2018-06-14T22:00:00","guid":{"rendered":"https:\/\/www.mission-21.org\/die-kontinentalversammlung-europa-wagte-den-blick-in-eine-bewegte-zukunft\/"},"modified":"2023-05-11T17:35:48","modified_gmt":"2023-05-11T15:35:48","slug":"la-asamblea-continental-europa-se-atreve-a-mirar-un-futuro-en-movimiento-2","status":"publish","type":"post","link":"https:\/\/www.mission-21.org\/es\/die-kontinentalversammlung-europa-wagte-den-blick-in-eine-bewegte-zukunft-2\/","title":{"rendered":"La Asamblea Continental Europa se atrevi\u00f3 a mirar hacia un futuro lleno de acontecimientos"},"content":{"rendered":"<p>El jueves 14 de junio, la Asamblea Continental Europa (CVE) se reuni\u00f3 en el edificio del Gran Consejo de Aarau. Al igual que las asambleas continentales de Mission 21 en \u00c1frica, Am\u00e9rica Latina y Asia, la CVE pretende incluir el nivel de las iglesias de Suiza y Europa como socios de Mission 21. Se adopt\u00f3 un importante cambio en los estatutos: Para rejuvenecer el cuerpo, ahora se incluir\u00e1n tres delegados j\u00f3venes, uno de los cuales debe ser menor de 35 a\u00f1os. <span style=\"color:black\">Magdalena Rieder fue elegida como primera delegada de la juventud. Barbara Hirsbrunner (Grisones) y Pascal Bazell (San Gall) fueron elegidos como nuevos miembros de la Junta Directiva.<\/span><\/p>\n<p>La parte p\u00fablica de la tarde se dedic\u00f3 al cambio del mundo a trav\u00e9s de la migraci\u00f3n. La presentaci\u00f3n del tema corri\u00f3 a cargo del destacado futur\u00f3logo Dr. Andreas M. Walker. \"No hay una conferencia est\u00e1ndar sobre el futuro del mundo a trav\u00e9s de la migraci\u00f3n\", dijo Walker nada m\u00e1s empezar. Compar\u00f3 la compleja situaci\u00f3n del presente (y del futuro) globalizado con un m\u00f3vil, en el que muchas cosas se mueven al mismo tiempo en lugares muy diferentes: \"Actualmente podemos observar que hay numerosas de las llamadas megatendencias que est\u00e1n dando forma al futuro, de las cuales la migraci\u00f3n es s\u00f3lo una\". Otros ejemplos de megatendencias son el aumento de la esperanza de vida o la digitalizaci\u00f3n.<\/p>\n<p><strong>J\u00f3venes sin perspectivas&nbsp;<\/strong><br \/> Walker adopt\u00f3 un enfoque diferenciado para la presentaci\u00f3n: en lugar de presentar un posible escenario, aventur\u00f3 10 perspectivas diferentes sobre c\u00f3mo la migraci\u00f3n dar\u00e1 forma al futuro. Por ejemplo, cada vez es m\u00e1s importante ocuparse de los hombres j\u00f3venes sin perspectivas, porque es principalmente este grupo de poblaci\u00f3n el que emigra. Esto tiene que ver, entre otras cosas, con los numerosos abortos selectivos, especialmente en China e India, que ya han reducido la proporci\u00f3n de mujeres en la poblaci\u00f3n total en casi un 20% en algunos lugares. \"Cuando tantos j\u00f3venes se desplazan, la violencia es inevitable\", es el aleccionador pron\u00f3stico de Walker.<\/p>\n<p>Sus otras nueve perspectivas tambi\u00e9n ponen de manifiesto la complejidad de la situaci\u00f3n migratoria, el alcance de sus consecuencias y la necesidad urgente de actuar. Sin embargo, aboga por actuar desde una perspectiva de esperanza y no de miedo: \"Este miedo al cambio y la pronunciada necesidad de seguridad es algo t\u00edpicamente suizo y alem\u00e1n\", dice, \"mientras que las virtudes cristianas ser\u00edan en realidad la esperanza y la intrepidez\".&nbsp;<\/p>\n<p>Tras una breve pausa para el caf\u00e9, los delegados juveniles de Misi\u00f3n 21, Richard Offei (Ghana) y Halim Pratama (Indonesia), tuvieron la oportunidad de responder a las distintas tesis de Walker con una r\u00e9plica desde la perspectiva de sus respectivos contextos.<\/p>\n<p>En definitiva, fue una tarde muy emocionante que tambi\u00e9n invit\u00f3 a la reflexi\u00f3n, y que puso de manifiesto una vez m\u00e1s la importancia de la solidaridad y la b\u00fasqueda conjunta de soluciones internacionales.<\/p>\n<p><!-- Link Back --><\/p>\n<div class=\"news-backlink-wrap\"><a href=\"\/es\/informar-a\/noticias\/\"><strong><\/p>\n<p>\t\t\t\t\t\t\t\t\t\t\t\tTodas las noticias<\/p>\n<p>\t\t\t\t\t\t\t\t\t<\/strong><\/a><\/div>","protected":false},"excerpt":{"rendered":"<p>\u00bfC\u00f3mo cambia la migraci\u00f3n el futuro? Esta cuesti\u00f3n centr\u00f3 la reuni\u00f3n de la Asamblea Continental Europa de Mission 21.<\/p>","protected":false},"author":1,"featured_media":283,"comment_status":"closed","ping_status":"open","sticky":false,"template":"","format":"standard","meta":{"_acf_changed":false,"_seopress_robots_primary_cat":"","_seopress_titles_title":"","_seopress_titles_desc":"","_seopress_robots_index":"","_searchwp_excluded":"","site-sidebar-layout":"default","site-content-layout":"","ast-site-content-layout":"default","site-content-style":"default","site-sidebar-style":"default","ast-global-header-display":"","ast-banner-title-visibility":"","ast-main-header-display":"","ast-hfb-above-header-display":"","ast-hfb-below-header-display":"","ast-hfb-mobile-header-display":"","site-post-title":"","ast-breadcrumbs-content":"","ast-featured-img":"","footer-sml-layout":"","ast-disable-related-posts":"","theme-transparent-header-meta":"","adv-header-id-meta":"","stick-header-meta":"","header-above-stick-meta":"","header-main-stick-meta":"","header-below-stick-meta":"","astra-migrate-meta-layouts":"default","ast-page-background-enabled":"default","ast-page-background-meta":{"desktop":{"background-color":"var(--ast-global-color-4)","background-image":"","background-repeat":"repeat","background-position":"center center","background-size":"auto","background-attachment":"scroll","background-type":"","background-media":"","overlay-type":"","overlay-color":"","overlay-opacity":"","overlay-gradient":""},"tablet":{"background-color":"","background-image":"","background-repeat":"repeat","background-position":"center center","background-size":"auto","background-attachment":"scroll","background-type":"","background-media":"","overlay-type":"","overlay-color":"","overlay-opacity":"","overlay-gradient":""},"mobile":{"background-color":"","background-image":"","background-repeat":"repeat","background-position":"center center","background-size":"auto","background-attachment":"scroll","background-type":"","background-media":"","overlay-type":"","overlay-color":"","overlay-opacity":"","overlay-gradient":""}},"ast-content-background-meta":{"desktop":{"background-color":"var(--ast-global-color-5)","background-image":"","background-repeat":"repeat","background-position":"center center","background-size":"auto","background-attachment":"scroll","background-type":"","background-media":"","overlay-type":"","overlay-color":"","overlay-opacity":"","overlay-gradient":""},"tablet":{"background-color":"var(--ast-global-color-5)","background-image":"","background-repeat":"repeat","background-position":"center center","background-size":"auto","background-attachment":"scroll","background-type":"","background-media":"","overlay-type":"","overlay-color":"","overlay-opacity":"","overlay-gradient":""},"mobile":{"background-color":"var(--ast-global-color-5)","background-image":"","background-repeat":"repeat","background-position":"center center","background-size":"auto","background-attachment":"scroll","background-type":"","background-media":"","overlay-type":"","overlay-color":"","overlay-opacity":"","overlay-gradient":""}},"iawp_total_views":62,"footnotes":""},"categories":[153],"tags":[276],"land":[],"wirkungsbereich":[],"class_list":{"0":"post-1739","1":"post","2":"type-post","3":"status-publish","4":"format-standard","5":"has-post-thumbnail","7":"category-netzwerk","8":"tag-missionssynode-2018"},"acf":[],"_links":{"self":[{"href":"https:\/\/www.mission-21.org\/es\/wp-json\/wp\/v2\/posts\/1739","targetHints":{"allow":["GET"]}}],"collection":[{"href":"https:\/\/www.mission-21.org\/es\/wp-json\/wp\/v2\/posts"}],"about":[{"href":"https:\/\/www.mission-21.org\/es\/wp-json\/wp\/v2\/types\/post"}],"author":[{"embeddable":true,"href":"https:\/\/www.mission-21.org\/es\/wp-json\/wp\/v2\/users\/1"}],"replies":[{"embeddable":true,"href":"https:\/\/www.mission-21.org\/es\/wp-json\/wp\/v2\/comments?post=1739"}],"version-history":[{"count":1,"href":"https:\/\/www.mission-21.org\/es\/wp-json\/wp\/v2\/posts\/1739\/revisions"}],"predecessor-version":[{"id":1947,"href":"https:\/\/www.mission-21.org\/es\/wp-json\/wp\/v2\/posts\/1739\/revisions\/1947"}],"wp:featuredmedia":[{"embeddable":true,"href":"https:\/\/www.mission-21.org\/es\/wp-json\/wp\/v2\/media\/283"}],"wp:attachment":[{"href":"https:\/\/www.mission-21.org\/es\/wp-json\/wp\/v2\/media?parent=1739"}],"wp:term":[{"taxonomy":"category","embeddable":true,"href":"https:\/\/www.mission-21.org\/es\/wp-json\/wp\/v2\/categories?post=1739"},{"taxonomy":"post_tag","embeddable":true,"href":"https:\/\/www.mission-21.org\/es\/wp-json\/wp\/v2\/tags?post=1739"},{"taxonomy":"land","embeddable":true,"href":"https:\/\/www.mission-21.org\/es\/wp-json\/wp\/v2\/land?post=1739"},{"taxonomy":"wirkungsbereich","embeddable":true,"href":"https:\/\/www.mission-21.org\/es\/wp-json\/wp\/v2\/wirkungsbereich?post=1739"}],"curies":[{"name":"wp","href":"https:\/\/api.w.org\/{rel}","templated":true}]}}