{"id":18022,"date":"2025-09-01T12:13:22","date_gmt":"2025-09-01T10:13:22","guid":{"rendered":"https:\/\/www.mission-21.org\/?p=18022"},"modified":"2025-09-01T12:13:26","modified_gmt":"2025-09-01T10:13:26","slug":"como-trabajamos-contra-la-radicalizacion-y-la-violencia","status":"publish","type":"post","link":"https:\/\/www.mission-21.org\/es\/wie-wir-uns-gegen-radikalisierung-und-gewalt-einsetzen\/","title":{"rendered":"C\u00f3mo trabajamos contra la radicalizaci\u00f3n y la violencia"},"content":{"rendered":"<p><strong>Todo sobre la campa\u00f1a \"Lev\u00e1ntate por una sociedad pac\u00edfica\", centrada en la consolidaci\u00f3n de la paz en Sud\u00e1n del Sur, Nigeria e Indonesia, as\u00ed como una visi\u00f3n del trabajo de nuestra organizaci\u00f3n asociada en Bolivia, que utiliza talleres de prevenci\u00f3n para concienciar a los ni\u00f1os sobre los abusos.<\/strong><\/p>\n\n\n\n<p>Entre otras cosas, el n\u00famero actual se centra en nuestra campa\u00f1a \"<a href=\"https:\/\/www.mission-21.org\/es\/campana-2030\/\" data-type=\"link\" data-id=\"https:\/\/www.mission-21.org\/kampagne-2024\/\" target=\"_blank\" rel=\"noreferrer noopener\">En defensa de una sociedad pac\u00edfica<\/a>\", que comienza el 7 de septiembre: Arrojaremos luz sobre la importancia de la cooperaci\u00f3n interreligiosa y transcultural para lograr m\u00e1s paz y justicia en Sud\u00e1n del Sur, Nigeria e Indonesia.<\/p>\n\n\n\n<div class=\"wp-block-media-text is-stacked-on-mobile is-vertically-aligned-center\" style=\"grid-template-columns:15% auto\"><figure class=\"wp-block-media-text__media\"><img decoding=\"async\" width=\"901\" height=\"1166\" src=\"https:\/\/www.mission-21.org\/wp-content\/uploads\/2025\/08\/cover_begegnen_3-2025_magazin.jpg\" alt=\"portada encuentro revista 3 2025\" class=\"wp-image-18027 size-full\" srcset=\"https:\/\/www.mission-21.org\/wp-content\/uploads\/2025\/08\/cover_begegnen_3-2025_magazin.jpg 901w, https:\/\/www.mission-21.org\/wp-content\/uploads\/2025\/08\/cover_begegnen_3-2025_magazin-695x900.jpg 695w, https:\/\/www.mission-21.org\/wp-content\/uploads\/2025\/08\/cover_begegnen_3-2025_magazin-768x994.jpg 768w, https:\/\/www.mission-21.org\/wp-content\/uploads\/2025\/08\/cover_begegnen_3-2025_magazin-9x12.jpg 9w, https:\/\/www.mission-21.org\/wp-content\/uploads\/2025\/08\/cover_begegnen_3-2025_magazin-300x388.jpg 300w, https:\/\/www.mission-21.org\/wp-content\/uploads\/2025\/08\/cover_begegnen_3-2025_magazin-600x776.jpg 600w\" sizes=\"(max-width: 901px) 100vw, 901px\" \/><\/figure><div class=\"wp-block-media-text__content\">\n<p><a href=\"https:\/\/www.mission-21.org\/wp-content\/uploads\/2025\/08\/gzd2_m21_begegnen_3-2025_magazin-2.pdf\" data-type=\"download\" data-id=\"8884\" target=\"_blank\" rel=\"noreferrer noopener\">La revista \"begegnen\" de septiembre de 2025<\/a><\/p>\n<\/div><\/div>\n\n\n\n<p><\/p>\n\n\n\n<p>Las guerras, las tensiones pol\u00edticas y las divisiones sociales aumentan en todo el mundo. Los procesos de paz est\u00e1n amenazados mientras millones de personas sufren violencia, desplazamientos e inseguridad. En el marco de nuestra campa\u00f1a 2025, por ejemplo, apoyamos el asesoramiento psicosocial a personas afectadas por la violencia en Sud\u00e1n del Sur, la formaci\u00f3n de embajadores de la paz en Nigeria y aldeas de paz en Indonesia.<\/p>\n\n\n\n<p>Tambi\u00e9n en este n\u00famero: Nuestra organizaci\u00f3n socia boliviana Fundaci\u00f3n Machaqa Amawta (FMA) visita escuelas en barrios desfavorecidos de La Paz. El personal habla con los ni\u00f1os sobre temas como la violencia, los malos tratos y el miedo, con delicadeza, de forma adaptada a los ni\u00f1os y con gran efecto.<\/p>\n\n\n\n<p>La revista \"begegnen\" est\u00e1 publicada por Mission 21.<\/p>\n\n\n\n<p><\/p>\n\n\n\n<p><a href=\"https:\/\/www.mission-21.org\/wp-content\/uploads\/2025\/08\/gzd2_m21_begegnen_3-2025_magazin-2.pdf\" target=\"_blank\" rel=\"noreferrer noopener\">\u25ba Descargar PDF<\/a><\/p>\n\n\n\n<p><a href=\"https:\/\/www.yumpu.com\/de\/document\/read\/70732048\/begegnen-3-25\" data-type=\"link\" data-id=\"https:\/\/app.missionspresse.org\/de\/profiles\/1fbeb62bce96\/editions\/0ccc4bade4d6e87ea225\" target=\"_blank\" rel=\"noreferrer noopener\">\u25ba Leer directamente en la aplicaci\u00f3n<\/a><\/p>\n\n\n\n<p>La revista <strong>\"encuentro\" <\/strong>es la revista para donantes de Mission 21 y se publica cuatro veces al a\u00f1o. La revista contiene informaci\u00f3n e historias sobre los proyectos de Mission 21 y las personas que hay detr\u00e1s de ellos.<\/p>\n\n\n\n<p><\/p>","protected":false},"excerpt":{"rendered":"<p>Entre otras cosas, el n\u00famero actual se centra en proyectos de agricultura sostenible para que las personas especialmente vulnerables puedan alimentarse a s\u00ed mismas y a sus familias de forma fiable y responsable, incluso en las condiciones de la crisis clim\u00e1tica.<\/p>","protected":false},"author":17,"featured_media":18030,"comment_status":"closed","ping_status":"closed","sticky":false,"template":"","format":"standard","meta":{"_acf_changed":false,"_seopress_robots_primary_cat":"none","_seopress_titles_title":"","_seopress_titles_desc":"","_seopress_robots_index":"","_searchwp_excluded":"","site-sidebar-layout":"default","site-content-layout":"","ast-site-content-layout":"default","site-content-style":"default","site-sidebar-style":"default","ast-global-header-display":"","ast-banner-title-visibility":"","ast-main-header-display":"","ast-hfb-above-header-display":"","ast-hfb-below-header-display":"","ast-hfb-mobile-header-display":"","site-post-title":"","ast-breadcrumbs-content":"","ast-featured-img":"","footer-sml-layout":"","ast-disable-related-posts":"","theme-transparent-header-meta":"","adv-header-id-meta":"","stick-header-meta":"","header-above-stick-meta":"","header-main-stick-meta":"","header-below-stick-meta":"","astra-migrate-meta-layouts":"set","ast-page-background-enabled":"default","ast-page-background-meta":{"desktop":{"background-color":"var(--ast-global-color-4)","background-image":"","background-repeat":"repeat","background-position":"center center","background-size":"auto","background-attachment":"scroll","background-type":"","background-media":"","overlay-type":"","overlay-color":"","overlay-opacity":"","overlay-gradient":""},"tablet":{"background-color":"","background-image":"","background-repeat":"repeat","background-position":"center center","background-size":"auto","background-attachment":"scroll","background-type":"","background-media":"","overlay-type":"","overlay-color":"","overlay-opacity":"","overlay-gradient":""},"mobile":{"background-color":"","background-image":"","background-repeat":"repeat","background-position":"center center","background-size":"auto","background-attachment":"scroll","background-type":"","background-media":"","overlay-type":"","overlay-color":"","overlay-opacity":"","overlay-gradient":""}},"ast-content-background-meta":{"desktop":{"background-color":"var(--ast-global-color-5)","background-image":"","background-repeat":"repeat","background-position":"center center","background-size":"auto","background-attachment":"scroll","background-type":"","background-media":"","overlay-type":"","overlay-color":"","overlay-opacity":"","overlay-gradient":""},"tablet":{"background-color":"var(--ast-global-color-5)","background-image":"","background-repeat":"repeat","background-position":"center center","background-size":"auto","background-attachment":"scroll","background-type":"","background-media":"","overlay-type":"","overlay-color":"","overlay-opacity":"","overlay-gradient":""},"mobile":{"background-color":"var(--ast-global-color-5)","background-image":"","background-repeat":"repeat","background-position":"center center","background-size":"auto","background-attachment":"scroll","background-type":"","background-media":"","overlay-type":"","overlay-color":"","overlay-opacity":"","overlay-gradient":""}},"iawp_total_views":124,"footnotes":""},"categories":[152,225,155,153],"tags":[],"land":[62,64,48,37,54,13],"wirkungsbereich":[10,16,407,480],"class_list":{"0":"post-18022","1":"post","2":"type-post","3":"status-publish","4":"format-standard","5":"has-post-thumbnail","7":"category-aus-den-projekten","8":"category-begegnen","9":"category-menschen","10":"category-netzwerk","11":"land-afrika","12":"land-asien","13":"land-bolivien","14":"land-indonesien","15":"land-nigeria","16":"land-suedsudan","17":"wirkungsbereich-bildung","18":"wirkungsbereich-friedensfoerderung","19":"wirkungsbereich-gendergerechtigkeit","20":"wirkungsbereich-ueberwindung-von-geschlechtsspezifischer-gewalt"},"acf":[],"_links":{"self":[{"href":"https:\/\/www.mission-21.org\/es\/wp-json\/wp\/v2\/posts\/18022","targetHints":{"allow":["GET"]}}],"collection":[{"href":"https:\/\/www.mission-21.org\/es\/wp-json\/wp\/v2\/posts"}],"about":[{"href":"https:\/\/www.mission-21.org\/es\/wp-json\/wp\/v2\/types\/post"}],"author":[{"embeddable":true,"href":"https:\/\/www.mission-21.org\/es\/wp-json\/wp\/v2\/users\/17"}],"replies":[{"embeddable":true,"href":"https:\/\/www.mission-21.org\/es\/wp-json\/wp\/v2\/comments?post=18022"}],"version-history":[{"count":2,"href":"https:\/\/www.mission-21.org\/es\/wp-json\/wp\/v2\/posts\/18022\/revisions"}],"predecessor-version":[{"id":18031,"href":"https:\/\/www.mission-21.org\/es\/wp-json\/wp\/v2\/posts\/18022\/revisions\/18031"}],"wp:featuredmedia":[{"embeddable":true,"href":"https:\/\/www.mission-21.org\/es\/wp-json\/wp\/v2\/media\/18030"}],"wp:attachment":[{"href":"https:\/\/www.mission-21.org\/es\/wp-json\/wp\/v2\/media?parent=18022"}],"wp:term":[{"taxonomy":"category","embeddable":true,"href":"https:\/\/www.mission-21.org\/es\/wp-json\/wp\/v2\/categories?post=18022"},{"taxonomy":"post_tag","embeddable":true,"href":"https:\/\/www.mission-21.org\/es\/wp-json\/wp\/v2\/tags?post=18022"},{"taxonomy":"land","embeddable":true,"href":"https:\/\/www.mission-21.org\/es\/wp-json\/wp\/v2\/land?post=18022"},{"taxonomy":"wirkungsbereich","embeddable":true,"href":"https:\/\/www.mission-21.org\/es\/wp-json\/wp\/v2\/wirkungsbereich?post=18022"}],"curies":[{"name":"wp","href":"https:\/\/api.w.org\/{rel}","templated":true}]}}