{"id":18784,"date":"2025-09-29T10:43:17","date_gmt":"2025-09-29T08:43:17","guid":{"rendered":"https:\/\/www.mission-21.org\/?p=18784"},"modified":"2025-09-29T11:04:05","modified_gmt":"2025-09-29T09:04:05","slug":"atmosferico-servicio-de-apertura-de-la-campana-mision-21","status":"publish","type":"post","link":"https:\/\/www.mission-21.org\/es\/stimmungsvoller-eroeffnungsgottesdienst-zur-kampagne-von-mission-21\/","title":{"rendered":"Atmosf\u00e9rico servicio de apertura de la campa\u00f1a Misi\u00f3n 21"},"content":{"rendered":"<p><strong>El domingo 28 de septiembre de 2025 tuvo lugar en la Basel Minster el servicio de apertura de la campa\u00f1a anual de Mission 21. En una iglesia abarrotada, varios oradores destacaron el tema de este a\u00f1o: \"Defender una sociedad pac\u00edfica\". En una iglesia abarrotada, varios oradores destacaron el tema de la campa\u00f1a de este a\u00f1o: \"En defensa de una sociedad pac\u00edfica\", cuyo contenido es m\u00e1s pertinente que nunca.<\/strong><\/p>\n\n\n\n<p>Jochen Kirsch, Director de Mission 21, y Yakubu Joseph, coordinador nigeriano del proyecto, dieron el pistoletazo de salida. Ambos pidieron que nos mantuvi\u00e9ramos unidos en todo el mundo, o como dicen en Nigeria: \"No es posible levantar un tejado con una sola mano\". Con esta idea en mente, la pastora Caroline Schr\u00f6der Field dirigi\u00f3 el servicio, acompa\u00f1ado por la m\u00fasica de la peque\u00f1a Chorale Africaine de la Iglesia Reformada Francesa de Basilea.<\/p>\n\n\n\n<p>Gaby Ullrich, Responsable de Marketing y Comunicaci\u00f3n de Mission 21, present\u00f3 la campa\u00f1a 2025. Este a\u00f1o se centra en la consolidaci\u00f3n de la paz en Nigeria, Sud\u00e1n del Sur e Indonesia. La atenci\u00f3n se centra en la consolidaci\u00f3n de la paz en un contexto interreligioso, la consolidaci\u00f3n de la paz en funci\u00f3n del g\u00e9nero y las aldeas de paz en las que los residentes se comprometen a combatir la envidia y el odio. <\/p>\n\n\n\n<p>Con estos proyectos, Mission 21 quiere subrayar la importancia de la cooperaci\u00f3n interreligiosa y transcultural para lograr m\u00e1s paz y justicia en los distintos pa\u00edses. Las empleadas de Mission 21 Lucy Theuer, Angelika Weber y Dorina Waldmeyer tambi\u00e9n rezaron por la paz en otros pa\u00edses socios de Mission 21. <\/p>\n\n\n\n<figure class=\"wp-block-image size-large\"><img decoding=\"async\" width=\"1200\" height=\"800\" src=\"https:\/\/www.mission-21.org\/wp-content\/uploads\/2025\/09\/img_2608-1200x800.jpg\" alt=\"img 2608\" class=\"wp-image-18788\" srcset=\"https:\/\/www.mission-21.org\/wp-content\/uploads\/2025\/09\/img_2608-1200x800.jpg 1200w, https:\/\/www.mission-21.org\/wp-content\/uploads\/2025\/09\/img_2608-900x600.jpg 900w, https:\/\/www.mission-21.org\/wp-content\/uploads\/2025\/09\/img_2608-768x512.jpg 768w, https:\/\/www.mission-21.org\/wp-content\/uploads\/2025\/09\/img_2608-1536x1024.jpg 1536w, https:\/\/www.mission-21.org\/wp-content\/uploads\/2025\/09\/img_2608-2048x1365.jpg 2048w, https:\/\/www.mission-21.org\/wp-content\/uploads\/2025\/09\/img_2608-18x12.jpg 18w, https:\/\/www.mission-21.org\/wp-content\/uploads\/2025\/09\/img_2608-300x200.jpg 300w, https:\/\/www.mission-21.org\/wp-content\/uploads\/2025\/09\/img_2608-600x400.jpg 600w\" sizes=\"(max-width: 1200px) 100vw, 1200px\" \/><figcaption class=\"wp-element-caption\">Intercesiones de Dorina Waldmeyer, Angelika Weber y Lucy Theuer (de izquierda a derecha)<\/figcaption><\/figure>\n\n\n\n<p><strong>En defensa de la paz<\/strong><\/p>\n\n\n\n<p>Tras el servicio, numerosos visitantes acudieron al caf\u00e9 de la iglesia. All\u00ed tambi\u00e9n tuvieron la oportunidad de ver la exposici\u00f3n fotogr\u00e1fica \"Mensch Courage - Einstehen f\u00fcr Frieden\" (Valor humano - Levantarse por la paz) y hacerse as\u00ed una idea visual de la campa\u00f1a.<\/p>\n\n\n\n<p><strong>A partir de ahora, las parroquias tienen la oportunidad de ver la exposici\u00f3n fotogr\u00e1fica \"<strong>Mensch Courage: Defender la paz<\/strong>\" y sensibilizar a sus feligreses sobre el tema de la consolidaci\u00f3n de la paz en Sud\u00e1n del Sur, Nigeria e Indonesia.<\/strong><\/p>\n\n\n\n<p><strong><a href=\"https:\/\/www.mission-21.org\/es\/campana-2030\/\">&gt; M\u00e1s informaci\u00f3n en la p\u00e1gina de la campa\u00f1a<\/a><\/strong><\/p>\n\n\n\n<p><\/p>","protected":false},"excerpt":{"rendered":"<p>Am Sonntag, den 28. September 2025 fand das Er\u00f6ffnungsgottesdienst zur Jahreskampagne von Mission 21 im Basler M\u00fcnster statt. In einer gut besetzten Kirche beleuchteten verschiedene Redner*innen das Thema der diesj\u00e4hrigen Kampagne: \u00abEinstehen f\u00fcr eine friedliche Gesellschaft\u00bb, deren Inhalt aktueller denn je ist. Den Auftakt machten Jochen Kirsch, Direktor von Mission 21, und der nigerianische Projektkoordinator [&hellip;]<\/p>\n","protected":false},"author":17,"featured_media":18786,"comment_status":"closed","ping_status":"closed","sticky":false,"template":"","format":"standard","meta":{"_acf_changed":false,"_seopress_robots_primary_cat":"none","_seopress_titles_title":"","_seopress_titles_desc":"","_seopress_robots_index":"","_searchwp_excluded":"","site-sidebar-layout":"default","site-content-layout":"","ast-site-content-layout":"default","site-content-style":"default","site-sidebar-style":"default","ast-global-header-display":"","ast-banner-title-visibility":"","ast-main-header-display":"","ast-hfb-above-header-display":"","ast-hfb-below-header-display":"","ast-hfb-mobile-header-display":"","site-post-title":"","ast-breadcrumbs-content":"","ast-featured-img":"","footer-sml-layout":"","ast-disable-related-posts":"","theme-transparent-header-meta":"","adv-header-id-meta":"","stick-header-meta":"","header-above-stick-meta":"","header-main-stick-meta":"","header-below-stick-meta":"","astra-migrate-meta-layouts":"set","ast-page-background-enabled":"default","ast-page-background-meta":{"desktop":{"background-color":"var(--ast-global-color-4)","background-image":"","background-repeat":"repeat","background-position":"center center","background-size":"auto","background-attachment":"scroll","background-type":"","background-media":"","overlay-type":"","overlay-color":"","overlay-opacity":"","overlay-gradient":""},"tablet":{"background-color":"","background-image":"","background-repeat":"repeat","background-position":"center center","background-size":"auto","background-attachment":"scroll","background-type":"","background-media":"","overlay-type":"","overlay-color":"","overlay-opacity":"","overlay-gradient":""},"mobile":{"background-color":"","background-image":"","background-repeat":"repeat","background-position":"center center","background-size":"auto","background-attachment":"scroll","background-type":"","background-media":"","overlay-type":"","overlay-color":"","overlay-opacity":"","overlay-gradient":""}},"ast-content-background-meta":{"desktop":{"background-color":"var(--ast-global-color-5)","background-image":"","background-repeat":"repeat","background-position":"center center","background-size":"auto","background-attachment":"scroll","background-type":"","background-media":"","overlay-type":"","overlay-color":"","overlay-opacity":"","overlay-gradient":""},"tablet":{"background-color":"var(--ast-global-color-5)","background-image":"","background-repeat":"repeat","background-position":"center center","background-size":"auto","background-attachment":"scroll","background-type":"","background-media":"","overlay-type":"","overlay-color":"","overlay-opacity":"","overlay-gradient":""},"mobile":{"background-color":"var(--ast-global-color-5)","background-image":"","background-repeat":"repeat","background-position":"center center","background-size":"auto","background-attachment":"scroll","background-type":"","background-media":"","overlay-type":"","overlay-color":"","overlay-opacity":"","overlay-gradient":""}},"iawp_total_views":133,"footnotes":""},"categories":[152],"tags":[496,495],"land":[37,54,13],"wirkungsbereich":[16],"class_list":{"0":"post-18784","1":"post","2":"type-post","3":"status-publish","4":"format-standard","5":"has-post-thumbnail","7":"category-aus-den-projekten","8":"tag-friedensfoerderung","9":"tag-kampagne-2025","10":"land-indonesien","11":"land-nigeria","12":"land-suedsudan","13":"wirkungsbereich-friedensfoerderung"},"acf":[],"_links":{"self":[{"href":"https:\/\/www.mission-21.org\/es\/wp-json\/wp\/v2\/posts\/18784","targetHints":{"allow":["GET"]}}],"collection":[{"href":"https:\/\/www.mission-21.org\/es\/wp-json\/wp\/v2\/posts"}],"about":[{"href":"https:\/\/www.mission-21.org\/es\/wp-json\/wp\/v2\/types\/post"}],"author":[{"embeddable":true,"href":"https:\/\/www.mission-21.org\/es\/wp-json\/wp\/v2\/users\/17"}],"replies":[{"embeddable":true,"href":"https:\/\/www.mission-21.org\/es\/wp-json\/wp\/v2\/comments?post=18784"}],"version-history":[{"count":4,"href":"https:\/\/www.mission-21.org\/es\/wp-json\/wp\/v2\/posts\/18784\/revisions"}],"predecessor-version":[{"id":18792,"href":"https:\/\/www.mission-21.org\/es\/wp-json\/wp\/v2\/posts\/18784\/revisions\/18792"}],"wp:featuredmedia":[{"embeddable":true,"href":"https:\/\/www.mission-21.org\/es\/wp-json\/wp\/v2\/media\/18786"}],"wp:attachment":[{"href":"https:\/\/www.mission-21.org\/es\/wp-json\/wp\/v2\/media?parent=18784"}],"wp:term":[{"taxonomy":"category","embeddable":true,"href":"https:\/\/www.mission-21.org\/es\/wp-json\/wp\/v2\/categories?post=18784"},{"taxonomy":"post_tag","embeddable":true,"href":"https:\/\/www.mission-21.org\/es\/wp-json\/wp\/v2\/tags?post=18784"},{"taxonomy":"land","embeddable":true,"href":"https:\/\/www.mission-21.org\/es\/wp-json\/wp\/v2\/land?post=18784"},{"taxonomy":"wirkungsbereich","embeddable":true,"href":"https:\/\/www.mission-21.org\/es\/wp-json\/wp\/v2\/wirkungsbereich?post=18784"}],"curies":[{"name":"wp","href":"https:\/\/api.w.org\/{rel}","templated":true}]}}