{"id":19001,"date":"2025-11-03T15:05:46","date_gmt":"2025-11-03T14:05:46","guid":{"rendered":"https:\/\/www.mission-21.org\/?p=19001"},"modified":"2025-11-03T16:32:31","modified_gmt":"2025-11-03T15:32:31","slug":"el-foro-mision-21-de-paz-con-la-tierra-proporciona-impulsos-inspiradores","status":"publish","type":"post","link":"https:\/\/www.mission-21.org\/es\/frieden-mit-der-erde-forum-von-mission-21-setzt-inspirierende-impulse\/","title":{"rendered":"Paz con la Tierra: el foro Misi\u00f3n 21 proporciona un impulso inspirador"},"content":{"rendered":"<p><strong>\u00bfC\u00f3mo podemos construir la paz en un mundo lleno de crisis ecol\u00f3gicas, desigualdades sociales y fracturas culturales? Esta pregunta estuvo en el centro del Foro Internacional Misi\u00f3n 21 para la Construcci\u00f3n de la Paz de este a\u00f1o, un evento en l\u00ednea de dos d\u00edas que reuni\u00f3 a voces de iglesias, acad\u00e9micos, comunidades ind\u00edgenas y movimientos juveniles. El mensaje urgente: no hay paz sin justicia ecol\u00f3gica. Ya a [...]<\/strong><\/p>\n\n\n\n<p>Desde el principio, los oradores nos recordaron que la paz es algo m\u00e1s que la ausencia de guerra: la paz se crea cuando vivimos en comunidad con la tierra.<\/p>\n\n\n\n<p>El discurso inaugural del profesor Debjani Bhattacharyya mostr\u00f3 de manera impresionante hasta qu\u00e9 punto est\u00e1n entrelazadas la historia colonial, la energ\u00eda f\u00f3sil y las desigualdades globales actuales. Por tanto, la justicia clim\u00e1tica tambi\u00e9n significa redistribuir la responsabilidad y el poder.<\/p>\n\n\n\n<p>Las intervenciones de activistas de Ghana y Kenia fueron especialmente inspiradoras: abogaron no s\u00f3lo por \"incluir\" a los j\u00f3venes, sino por tomarlos en serio como fuerza creativa, de acuerdo con el principio: \"Nada sobre nosotros sin nosotros\".<\/p>\n\n\n\n<p>Varios oradores dieron a conocer las espiritualidades ind\u00edgenas en las que los r\u00edos, las monta\u00f1as y los bosques son parientes vivos. Sus perspectivas muestran formas de vivir con responsabilidad mutua: \"Comparto, luego existo\".<\/p>\n\n\n\n<blockquote class=\"wp-block-quote is-layout-flow wp-block-quote-is-layout-flow\">\n<p>\"Nuestros corazones laten como un latido com\u00fan: por la tierra que nos sustenta\".<\/p>\n<\/blockquote>\n\n\n\n<p>(Palabras de clausura del foro)<\/p>\n\n\n\n<p>Los ejemplos de Per\u00fa y Colombia, donde se ha concedido protecci\u00f3n legal a los r\u00edos, demuestran que tales visiones pueden inspirar acciones pol\u00edticas concretas.<\/p>\n\n\n\n<p>Al final del foro, se hizo un llamamiento conjunto: <strong>Paz en la Tierra = Paz con la Tierra<\/strong>. A los participantes les gustar\u00eda continuar su di\u00e1logo y dar el siguiente paso antes del pr\u00f3ximo D\u00eda de la Tierra (el 22 de abril de 2026) para hacer visibles en todo el mundo las acciones en favor del futuro de nuestro planeta.<\/p>\n\n\n\n<p><strong>Las sugerencias m\u00e1s importantes del foro:<\/strong><\/p>\n\n\n\n<ul class=\"wp-block-list\">\n<li>La paz es hol\u00edstica: est\u00e1 conectada social, ecol\u00f3gica y espiritualmente.<\/li>\n\n\n\n<li>Las perspectivas ind\u00edgenas abren v\u00edas alternativas a la justicia y la reconciliaci\u00f3n.<\/li>\n\n\n\n<li>Los j\u00f3venes y las personas con discapacidad deben estar en el centro de la acci\u00f3n por el clima.<\/li>\n\n\n\n<li>La espiritualidad puede dar fuerza para el cambio y conectar a las personas m\u00e1s all\u00e1 de las fronteras.<\/li>\n<\/ul>\n\n\n\n<p><strong>Las ideas y aportaciones compartidas en palabras e im\u00e1genes: las grabaciones en v\u00eddeo y las presentaciones del foro estar\u00e1n pronto disponibles aqu\u00ed.<\/strong><\/p>\n\n\n\n<p><\/p>","protected":false},"excerpt":{"rendered":"<p>Wie k\u00f6nnen wir in einer Welt voller \u00f6kologischer Krisen, sozialer Ungleichheiten und kultureller Br\u00fcche Frieden gestalten? Diese Frage stand im Zentrum des diesj\u00e4hrigen Internationalen Forums f\u00fcr Friedensf\u00f6rderung von Mission 21. Der zweit\u00e4gige Online-Event brachte Stimmen aus Kirchen, Wissenschaft, indigenen Gemeinschaften und Jugendbewegungen zusammen. Die eindringliche Botschaft: Ohne \u00f6kologische Gerechtigkeit gibt es keinen Frieden. Schon zu [&hellip;]<\/p>\n","protected":false},"author":9,"featured_media":19041,"comment_status":"closed","ping_status":"closed","sticky":false,"template":"","format":"standard","meta":{"_acf_changed":false,"_seopress_robots_primary_cat":"none","_seopress_titles_title":"","_seopress_titles_desc":"","_seopress_robots_index":"","_searchwp_excluded":"","site-sidebar-layout":"default","site-content-layout":"","ast-site-content-layout":"default","site-content-style":"default","site-sidebar-style":"default","ast-global-header-display":"","ast-banner-title-visibility":"","ast-main-header-display":"","ast-hfb-above-header-display":"","ast-hfb-below-header-display":"","ast-hfb-mobile-header-display":"","site-post-title":"","ast-breadcrumbs-content":"","ast-featured-img":"","footer-sml-layout":"","ast-disable-related-posts":"","theme-transparent-header-meta":"","adv-header-id-meta":"","stick-header-meta":"","header-above-stick-meta":"","header-main-stick-meta":"","header-below-stick-meta":"","astra-migrate-meta-layouts":"set","ast-page-background-enabled":"default","ast-page-background-meta":{"desktop":{"background-color":"var(--ast-global-color-4)","background-image":"","background-repeat":"repeat","background-position":"center center","background-size":"auto","background-attachment":"scroll","background-type":"","background-media":"","overlay-type":"","overlay-color":"","overlay-opacity":"","overlay-gradient":""},"tablet":{"background-color":"","background-image":"","background-repeat":"repeat","background-position":"center center","background-size":"auto","background-attachment":"scroll","background-type":"","background-media":"","overlay-type":"","overlay-color":"","overlay-opacity":"","overlay-gradient":""},"mobile":{"background-color":"","background-image":"","background-repeat":"repeat","background-position":"center center","background-size":"auto","background-attachment":"scroll","background-type":"","background-media":"","overlay-type":"","overlay-color":"","overlay-opacity":"","overlay-gradient":""}},"ast-content-background-meta":{"desktop":{"background-color":"var(--ast-global-color-5)","background-image":"","background-repeat":"repeat","background-position":"center center","background-size":"auto","background-attachment":"scroll","background-type":"","background-media":"","overlay-type":"","overlay-color":"","overlay-opacity":"","overlay-gradient":""},"tablet":{"background-color":"var(--ast-global-color-5)","background-image":"","background-repeat":"repeat","background-position":"center center","background-size":"auto","background-attachment":"scroll","background-type":"","background-media":"","overlay-type":"","overlay-color":"","overlay-opacity":"","overlay-gradient":""},"mobile":{"background-color":"var(--ast-global-color-5)","background-image":"","background-repeat":"repeat","background-position":"center center","background-size":"auto","background-attachment":"scroll","background-type":"","background-media":"","overlay-type":"","overlay-color":"","overlay-opacity":"","overlay-gradient":""}},"iawp_total_views":107,"footnotes":""},"categories":[154,152,412,411,416,153],"tags":[],"land":[32,66,4,42,37,28,34,50],"wirkungsbereich":[16],"class_list":{"0":"post-19001","1":"post","2":"type-post","3":"status-publish","4":"format-standard","5":"has-post-thumbnail","7":"category-advocacy","8":"category-aus-den-projekten","9":"category-events","10":"category-internationale-lerngemeinschaft","11":"category-medien","12":"category-netzwerk","13":"land-dr-kongo","14":"land-europa","15":"land-ghana","16":"land-indien","17":"land-indonesien","18":"land-peru","19":"land-schweiz","20":"land-weltweit","21":"wirkungsbereich-friedensfoerderung"},"acf":[],"_links":{"self":[{"href":"https:\/\/www.mission-21.org\/es\/wp-json\/wp\/v2\/posts\/19001","targetHints":{"allow":["GET"]}}],"collection":[{"href":"https:\/\/www.mission-21.org\/es\/wp-json\/wp\/v2\/posts"}],"about":[{"href":"https:\/\/www.mission-21.org\/es\/wp-json\/wp\/v2\/types\/post"}],"author":[{"embeddable":true,"href":"https:\/\/www.mission-21.org\/es\/wp-json\/wp\/v2\/users\/9"}],"replies":[{"embeddable":true,"href":"https:\/\/www.mission-21.org\/es\/wp-json\/wp\/v2\/comments?post=19001"}],"version-history":[{"count":8,"href":"https:\/\/www.mission-21.org\/es\/wp-json\/wp\/v2\/posts\/19001\/revisions"}],"predecessor-version":[{"id":19046,"href":"https:\/\/www.mission-21.org\/es\/wp-json\/wp\/v2\/posts\/19001\/revisions\/19046"}],"wp:featuredmedia":[{"embeddable":true,"href":"https:\/\/www.mission-21.org\/es\/wp-json\/wp\/v2\/media\/19041"}],"wp:attachment":[{"href":"https:\/\/www.mission-21.org\/es\/wp-json\/wp\/v2\/media?parent=19001"}],"wp:term":[{"taxonomy":"category","embeddable":true,"href":"https:\/\/www.mission-21.org\/es\/wp-json\/wp\/v2\/categories?post=19001"},{"taxonomy":"post_tag","embeddable":true,"href":"https:\/\/www.mission-21.org\/es\/wp-json\/wp\/v2\/tags?post=19001"},{"taxonomy":"land","embeddable":true,"href":"https:\/\/www.mission-21.org\/es\/wp-json\/wp\/v2\/land?post=19001"},{"taxonomy":"wirkungsbereich","embeddable":true,"href":"https:\/\/www.mission-21.org\/es\/wp-json\/wp\/v2\/wirkungsbereich?post=19001"}],"curies":[{"name":"wp","href":"https:\/\/api.w.org\/{rel}","templated":true}]}}