{"id":3526,"date":"2021-05-06T08:38:00","date_gmt":"2021-05-06T06:38:00","guid":{"rendered":"https:\/\/www.mission-21.org\/?p=3526"},"modified":"2023-05-11T18:03:25","modified_gmt":"2023-05-11T16:03:25","slug":"youth-summit-2021-digital-yes-we-care","status":"publish","type":"post","link":"https:\/\/www.mission-21.org\/es\/youth-summit-2021-digital-yes-we-care\/","title":{"rendered":"Cumbre Juvenil 2021 digital: \"\u00a1S\u00ed, nos importa!\""},"content":{"rendered":"<p>Los j\u00f3venes se est\u00e1n viendo muy afectados por la pandemia. Por ello, young@mission21, la red de j\u00f3venes adultos de Mission 21, ofrece el 5 de junio de 2021 una plataforma digital de intercambio bajo el lema \"Yes, we care\". \u00bfC\u00f3mo pueden los j\u00f3venes mantener el autocuidado mental y f\u00edsico en medio de la pandemia y m\u00e1s all\u00e1? En la Cumbre Digital de la Juventud 2021, los j\u00f3venes adultos de Suiza y de los pa\u00edses asociados a Mission 21 podr\u00e1n debatir sobre este tema, intercambiar ideas en talleres y recibir aportaciones de expertos. Los talleres ser\u00e1n dirigidos por expertos experimentados.<\/p>\n\n\n\n<p><a href=\"https:\/\/www.mission-21.org\/fileadmin\/Webseite_Mission_21\/Medienmitteilungen\/2021\/Medienmitteilung_20210506_Mission_21_Youth_Summit_Yes-we-care.pdf\">\u25ba Comunicado de prensa (descarga en PDF)<\/a><\/p>\n\n\n\n<p><a href=\"https:\/\/www.mission-21.org\/es\/que-hacemos\/eventos\/detalle-2\/cumbre-de-la-juventud-2021\/\" target=\"_blank\" rel=\"noreferrer noopener\">\u25ba Informaci\u00f3n sobre el evento con enlace de inscripci\u00f3n<\/a><\/p>","protected":false},"excerpt":{"rendered":"<p>Junge Menschen trifft die Pandemie hart. Darum bietet young@mission21, das Netzwerk f\u00fcr junge Erwachsene von Mission 21, unter dem Slogan \u201eYes, we care\u201c am 5. Juni 2021 eine digitale Austauschplattform. Wie k\u00f6nnen junge Menschen seelische und k\u00f6rperliche Selbstf\u00fcrsorge inmitten der Pandemie und dar\u00fcber hinaus bewahren? Zu diesem Thema k\u00f6nnen am digitalen Youth Summit 2021 junge [&hellip;]<\/p>\n","protected":false},"author":1,"featured_media":4954,"comment_status":"closed","ping_status":"closed","sticky":false,"template":"","format":"standard","meta":{"_acf_changed":false,"_seopress_robots_primary_cat":"none","_seopress_titles_title":"","_seopress_titles_desc":"","_seopress_robots_index":"","_searchwp_excluded":"","site-sidebar-layout":"default","site-content-layout":"","ast-site-content-layout":"default","site-content-style":"default","site-sidebar-style":"default","ast-global-header-display":"","ast-banner-title-visibility":"","ast-main-header-display":"","ast-hfb-above-header-display":"","ast-hfb-below-header-display":"","ast-hfb-mobile-header-display":"","site-post-title":"","ast-breadcrumbs-content":"","ast-featured-img":"","footer-sml-layout":"","ast-disable-related-posts":"","theme-transparent-header-meta":"","adv-header-id-meta":"","stick-header-meta":"","header-above-stick-meta":"","header-main-stick-meta":"","header-below-stick-meta":"","astra-migrate-meta-layouts":"default","ast-page-background-enabled":"default","ast-page-background-meta":{"desktop":{"background-color":"var(--ast-global-color-4)","background-image":"","background-repeat":"repeat","background-position":"center center","background-size":"auto","background-attachment":"scroll","background-type":"","background-media":"","overlay-type":"","overlay-color":"","overlay-opacity":"","overlay-gradient":""},"tablet":{"background-color":"","background-image":"","background-repeat":"repeat","background-position":"center center","background-size":"auto","background-attachment":"scroll","background-type":"","background-media":"","overlay-type":"","overlay-color":"","overlay-opacity":"","overlay-gradient":""},"mobile":{"background-color":"","background-image":"","background-repeat":"repeat","background-position":"center center","background-size":"auto","background-attachment":"scroll","background-type":"","background-media":"","overlay-type":"","overlay-color":"","overlay-opacity":"","overlay-gradient":""}},"ast-content-background-meta":{"desktop":{"background-color":"var(--ast-global-color-5)","background-image":"","background-repeat":"repeat","background-position":"center center","background-size":"auto","background-attachment":"scroll","background-type":"","background-media":"","overlay-type":"","overlay-color":"","overlay-opacity":"","overlay-gradient":""},"tablet":{"background-color":"var(--ast-global-color-5)","background-image":"","background-repeat":"repeat","background-position":"center center","background-size":"auto","background-attachment":"scroll","background-type":"","background-media":"","overlay-type":"","overlay-color":"","overlay-opacity":"","overlay-gradient":""},"mobile":{"background-color":"var(--ast-global-color-5)","background-image":"","background-repeat":"repeat","background-position":"center center","background-size":"auto","background-attachment":"scroll","background-type":"","background-media":"","overlay-type":"","overlay-color":"","overlay-opacity":"","overlay-gradient":""}},"iawp_total_views":24,"footnotes":""},"categories":[416],"tags":[417,415],"land":[],"wirkungsbereich":[],"class_list":{"0":"post-3526","1":"post","2":"type-post","3":"status-publish","4":"format-standard","5":"has-post-thumbnail","7":"category-medien","8":"tag-medienberichte","9":"tag-medienmitteilung"},"acf":[],"_links":{"self":[{"href":"https:\/\/www.mission-21.org\/es\/wp-json\/wp\/v2\/posts\/3526","targetHints":{"allow":["GET"]}}],"collection":[{"href":"https:\/\/www.mission-21.org\/es\/wp-json\/wp\/v2\/posts"}],"about":[{"href":"https:\/\/www.mission-21.org\/es\/wp-json\/wp\/v2\/types\/post"}],"author":[{"embeddable":true,"href":"https:\/\/www.mission-21.org\/es\/wp-json\/wp\/v2\/users\/1"}],"replies":[{"embeddable":true,"href":"https:\/\/www.mission-21.org\/es\/wp-json\/wp\/v2\/comments?post=3526"}],"version-history":[{"count":1,"href":"https:\/\/www.mission-21.org\/es\/wp-json\/wp\/v2\/posts\/3526\/revisions"}],"predecessor-version":[{"id":3528,"href":"https:\/\/www.mission-21.org\/es\/wp-json\/wp\/v2\/posts\/3526\/revisions\/3528"}],"wp:featuredmedia":[{"embeddable":true,"href":"https:\/\/www.mission-21.org\/es\/wp-json\/wp\/v2\/media\/4954"}],"wp:attachment":[{"href":"https:\/\/www.mission-21.org\/es\/wp-json\/wp\/v2\/media?parent=3526"}],"wp:term":[{"taxonomy":"category","embeddable":true,"href":"https:\/\/www.mission-21.org\/es\/wp-json\/wp\/v2\/categories?post=3526"},{"taxonomy":"post_tag","embeddable":true,"href":"https:\/\/www.mission-21.org\/es\/wp-json\/wp\/v2\/tags?post=3526"},{"taxonomy":"land","embeddable":true,"href":"https:\/\/www.mission-21.org\/es\/wp-json\/wp\/v2\/land?post=3526"},{"taxonomy":"wirkungsbereich","embeddable":true,"href":"https:\/\/www.mission-21.org\/es\/wp-json\/wp\/v2\/wirkungsbereich?post=3526"}],"curies":[{"name":"wp","href":"https:\/\/api.w.org\/{rel}","templated":true}]}}