{"id":4349,"date":"2018-06-19T00:00:00","date_gmt":"2018-06-18T22:00:00","guid":{"rendered":"https:\/\/www.mission-21.org\/gipfeltreffen-der-jugend\/"},"modified":"2023-05-11T17:35:50","modified_gmt":"2023-05-11T15:35:50","slug":"cumbre-de-la-juventud","status":"publish","type":"post","link":"https:\/\/www.mission-21.org\/es\/gipfeltreffen-der-jugend\/","title":{"rendered":"Cumbre de la Juventud"},"content":{"rendered":"<p>Los embajadores de la juventud de todo el mundo, as\u00ed como los j\u00f3venes suizos interesados, se reunieron el s\u00e1bado 16 de junio en la Cumbre Internacional de la Juventud de <a href=\"\/es\/youngmission21\/\">young@mission21 <\/a>se reuni\u00f3. Los temas de la migraci\u00f3n y la huida se examinaron en cinco talleres diferentes dirigidos por voluntarios y expertos locales e internacionales. El siguiente evento tuvo lugar en el marco del Festival de la Juventud de Aarau. <em>variacci\u00f3n<\/em> en el Aare, tuvo lugar una acci\u00f3n de solidaridad. Los participantes en el programa de embajadas juveniles informaron primero sobre los puntos conflictivos de sus pa\u00edses. Despu\u00e9s, los deseos y pensamientos personales fueron llevados al cielo por medio de pompas de jab\u00f3n. Durante los talleres, el descanso y la cena compartida, hubo m\u00e1s intercambios entre los j\u00f3venes embajadores y los participantes de Suiza.<\/p>\n<p><em>Texto: Kevin Ischi, Misi\u00f3n 21<\/em><\/p>\n<p><a href=\"\/fileadmin\/Webseite_Mission_21\/News\/News_2018\/Ensemble-refbejuso_Artikel_Youth-Summit_2018.pdf\" target=\"_blank\" rel=\"noopener\">\u25ba Informe sobre la Cumbre de la Juventud 2018 en el \"Ensemble<\/a><\/p>\n<p><!-- Link Back --><\/p>\n<div class=\"news-backlink-wrap\"><a href=\"\/es\/informar-a\/noticias\/\"><strong><\/p>\n<p>\t\t\t\t\t\t\t\t\t\t\t\tTodas las noticias<\/p>\n<p>\t\t\t\t\t\t\t\t\t<\/strong><\/a><\/div>","protected":false},"excerpt":{"rendered":"<p>Los embajadores de la juventud de todo el mundo y los j\u00f3venes adultos interesados de Suiza se reunieron el s\u00e1bado 16 de junio en la Cumbre Internacional de la Juventud de young@mission21. Se celebraron cinco talleres diferentes sobre temas de migraci\u00f3n y refugiados, dirigidos por voluntarios y expertos locales e internacionales. A continuaci\u00f3n, se llev\u00f3 a cabo una acci\u00f3n solidaria en el marco del festival juvenil de Aarau, variaktion an der Aare. Los participantes en el programa de embajadas juveniles informaron primero sobre los puntos conflictivos de sus pa\u00edses. Despu\u00e9s, los deseos y pensamientos personales fueron llevados al cielo por medio de pompas de jab\u00f3n. Durante los talleres, el descanso y la cena compartida, hubo m\u00e1s intercambios entre los j\u00f3venes embajadores y los participantes de Suiza.<\/p>","protected":false},"author":1,"featured_media":4350,"comment_status":"closed","ping_status":"closed","sticky":false,"template":"","format":"standard","meta":{"_acf_changed":false,"_seopress_robots_primary_cat":"","_seopress_titles_title":"","_seopress_titles_desc":"","_seopress_robots_index":"","_searchwp_excluded":"","site-sidebar-layout":"default","site-content-layout":"","ast-site-content-layout":"default","site-content-style":"default","site-sidebar-style":"default","ast-global-header-display":"","ast-banner-title-visibility":"","ast-main-header-display":"","ast-hfb-above-header-display":"","ast-hfb-below-header-display":"","ast-hfb-mobile-header-display":"","site-post-title":"","ast-breadcrumbs-content":"","ast-featured-img":"","footer-sml-layout":"","ast-disable-related-posts":"","theme-transparent-header-meta":"","adv-header-id-meta":"","stick-header-meta":"","header-above-stick-meta":"","header-main-stick-meta":"","header-below-stick-meta":"","astra-migrate-meta-layouts":"default","ast-page-background-enabled":"default","ast-page-background-meta":{"desktop":{"background-color":"var(--ast-global-color-4)","background-image":"","background-repeat":"repeat","background-position":"center center","background-size":"auto","background-attachment":"scroll","background-type":"","background-media":"","overlay-type":"","overlay-color":"","overlay-opacity":"","overlay-gradient":""},"tablet":{"background-color":"","background-image":"","background-repeat":"repeat","background-position":"center center","background-size":"auto","background-attachment":"scroll","background-type":"","background-media":"","overlay-type":"","overlay-color":"","overlay-opacity":"","overlay-gradient":""},"mobile":{"background-color":"","background-image":"","background-repeat":"repeat","background-position":"center center","background-size":"auto","background-attachment":"scroll","background-type":"","background-media":"","overlay-type":"","overlay-color":"","overlay-opacity":"","overlay-gradient":""}},"ast-content-background-meta":{"desktop":{"background-color":"var(--ast-global-color-5)","background-image":"","background-repeat":"repeat","background-position":"center center","background-size":"auto","background-attachment":"scroll","background-type":"","background-media":"","overlay-type":"","overlay-color":"","overlay-opacity":"","overlay-gradient":""},"tablet":{"background-color":"var(--ast-global-color-5)","background-image":"","background-repeat":"repeat","background-position":"center center","background-size":"auto","background-attachment":"scroll","background-type":"","background-media":"","overlay-type":"","overlay-color":"","overlay-opacity":"","overlay-gradient":""},"mobile":{"background-color":"var(--ast-global-color-5)","background-image":"","background-repeat":"repeat","background-position":"center center","background-size":"auto","background-attachment":"scroll","background-type":"","background-media":"","overlay-type":"","overlay-color":"","overlay-opacity":"","overlay-gradient":""}},"iawp_total_views":17,"footnotes":""},"categories":[286,153,157],"tags":[276],"land":[],"wirkungsbereich":[],"class_list":{"0":"post-4349","1":"post","2":"type-post","3":"status-publish","4":"format-standard","5":"has-post-thumbnail","7":"category-forschungsarchiv","8":"category-netzwerk","9":"category-youngmission21","10":"tag-missionssynode-2018"},"acf":[],"_links":{"self":[{"href":"https:\/\/www.mission-21.org\/es\/wp-json\/wp\/v2\/posts\/4349","targetHints":{"allow":["GET"]}}],"collection":[{"href":"https:\/\/www.mission-21.org\/es\/wp-json\/wp\/v2\/posts"}],"about":[{"href":"https:\/\/www.mission-21.org\/es\/wp-json\/wp\/v2\/types\/post"}],"author":[{"embeddable":true,"href":"https:\/\/www.mission-21.org\/es\/wp-json\/wp\/v2\/users\/1"}],"replies":[{"embeddable":true,"href":"https:\/\/www.mission-21.org\/es\/wp-json\/wp\/v2\/comments?post=4349"}],"version-history":[{"count":1,"href":"https:\/\/www.mission-21.org\/es\/wp-json\/wp\/v2\/posts\/4349\/revisions"}],"predecessor-version":[{"id":4458,"href":"https:\/\/www.mission-21.org\/es\/wp-json\/wp\/v2\/posts\/4349\/revisions\/4458"}],"wp:featuredmedia":[{"embeddable":true,"href":"https:\/\/www.mission-21.org\/es\/wp-json\/wp\/v2\/media\/4350"}],"wp:attachment":[{"href":"https:\/\/www.mission-21.org\/es\/wp-json\/wp\/v2\/media?parent=4349"}],"wp:term":[{"taxonomy":"category","embeddable":true,"href":"https:\/\/www.mission-21.org\/es\/wp-json\/wp\/v2\/categories?post=4349"},{"taxonomy":"post_tag","embeddable":true,"href":"https:\/\/www.mission-21.org\/es\/wp-json\/wp\/v2\/tags?post=4349"},{"taxonomy":"land","embeddable":true,"href":"https:\/\/www.mission-21.org\/es\/wp-json\/wp\/v2\/land?post=4349"},{"taxonomy":"wirkungsbereich","embeddable":true,"href":"https:\/\/www.mission-21.org\/es\/wp-json\/wp\/v2\/wirkungsbereich?post=4349"}],"curies":[{"name":"wp","href":"https:\/\/api.w.org\/{rel}","templated":true}]}}