{"id":4408,"date":"2018-02-28T00:00:00","date_gmt":"2018-02-27T23:00:00","guid":{"rendered":"https:\/\/www.mission-21.org\/reformator-innen-von-heute-zum-beispiel-in-birsfelden\/"},"modified":"2023-05-16T17:34:37","modified_gmt":"2023-05-16T15:34:37","slug":"reformistas-hoy-en-birsfelden","status":"publish","type":"post","link":"https:\/\/www.mission-21.org\/es\/reformator-innen-von-heute-zum-beispiel-in-birsfelden\/","title":{"rendered":"\"Reformistas de hoy\", por ejemplo en Birsfelden"},"content":{"rendered":"<p>Hace 500 a\u00f1os, personas valientes lucharon con \u00e9xito contra la inercia de la costumbre y el desgaste de la tradici\u00f3n. Pero a\u00fan hoy, hay personas en todo el mundo que trabajan por el cambio. En Tanzania, por ejemplo, es Bahati Mshani quien se compromete con los numerosos hu\u00e9rfanos de su pa\u00eds y, gracias a su compromiso, puede ver que un n\u00famero significativamente mayor de ni\u00f1os y ni\u00f1as de la zona de influencia de su iglesia reciben educaci\u00f3n escolar.<\/p>\n<h4>Se buscan reformistas de hoy<\/h4>\n<p>Friedrich Weibel, coordinador de asociaciones eclesi\u00e1sticas de Mission 21, nos lo cont\u00f3 durante el servicio en la Iglesia Reformada Protestante de Birsfeld. El pastor Peter Dietz invit\u00f3 a Mission 21 porque est\u00e1 impresionado por la campa\u00f1a de oto\u00f1o. La campa\u00f1a pide apoyo para las personas que trabajan por m\u00e1s justicia. Birsfelden apoya este objetivo con la colecta del servicio religioso.<\/p>\n<h4>Encontrado: esta vez en Birsfelden<\/h4>\n<p>Los visitantes del servicio recibieron m\u00e1s informaci\u00f3n mientras tomaban un caf\u00e9, y tuvieron la oportunidad de verse a s\u00ed mismos como reformistas por una vez. No hace falta mucho para verse a s\u00ed mismo de forma diferente, quiz\u00e1 como pionero de un mundo mejor.<\/p>\n<p><em>Texto y foto: Christoph R\u00e1cz<\/em><\/p>\n<p><!-- Link Back --><\/p>\n<div class=\"news-backlink-wrap\"><a href=\"\/es\/informar-a\/noticias\/\"><strong><\/p>\n<p>\t\t\t\t\t\t\t\t\t\t\t\tTodas las noticias<\/p>\n<p>\t\t\t\t\t\t\t\t\t<\/strong><\/a><\/div>","protected":false},"excerpt":{"rendered":"<p>Por un mundo m\u00e1s justo: el p\u00e1rroco Peter Dietz integr\u00f3 en el servicio la campa\u00f1a de oto\u00f1o de Mission 21.<\/p>","protected":false},"author":1,"featured_media":4409,"comment_status":"closed","ping_status":"closed","sticky":false,"template":"","format":"standard","meta":{"_acf_changed":false,"_seopress_robots_primary_cat":"","_seopress_titles_title":"","_seopress_titles_desc":"","_seopress_robots_index":"","_searchwp_excluded":"","site-sidebar-layout":"default","site-content-layout":"","ast-site-content-layout":"default","site-content-style":"default","site-sidebar-style":"default","ast-global-header-display":"","ast-banner-title-visibility":"","ast-main-header-display":"","ast-hfb-above-header-display":"","ast-hfb-below-header-display":"","ast-hfb-mobile-header-display":"","site-post-title":"","ast-breadcrumbs-content":"","ast-featured-img":"","footer-sml-layout":"","ast-disable-related-posts":"","theme-transparent-header-meta":"","adv-header-id-meta":"","stick-header-meta":"","header-above-stick-meta":"","header-main-stick-meta":"","header-below-stick-meta":"","astra-migrate-meta-layouts":"default","ast-page-background-enabled":"default","ast-page-background-meta":{"desktop":{"background-color":"var(--ast-global-color-4)","background-image":"","background-repeat":"repeat","background-position":"center center","background-size":"auto","background-attachment":"scroll","background-type":"","background-media":"","overlay-type":"","overlay-color":"","overlay-opacity":"","overlay-gradient":""},"tablet":{"background-color":"","background-image":"","background-repeat":"repeat","background-position":"center center","background-size":"auto","background-attachment":"scroll","background-type":"","background-media":"","overlay-type":"","overlay-color":"","overlay-opacity":"","overlay-gradient":""},"mobile":{"background-color":"","background-image":"","background-repeat":"repeat","background-position":"center center","background-size":"auto","background-attachment":"scroll","background-type":"","background-media":"","overlay-type":"","overlay-color":"","overlay-opacity":"","overlay-gradient":""}},"ast-content-background-meta":{"desktop":{"background-color":"var(--ast-global-color-5)","background-image":"","background-repeat":"repeat","background-position":"center center","background-size":"auto","background-attachment":"scroll","background-type":"","background-media":"","overlay-type":"","overlay-color":"","overlay-opacity":"","overlay-gradient":""},"tablet":{"background-color":"var(--ast-global-color-5)","background-image":"","background-repeat":"repeat","background-position":"center center","background-size":"auto","background-attachment":"scroll","background-type":"","background-media":"","overlay-type":"","overlay-color":"","overlay-opacity":"","overlay-gradient":""},"mobile":{"background-color":"var(--ast-global-color-5)","background-image":"","background-repeat":"repeat","background-position":"center center","background-size":"auto","background-attachment":"scroll","background-type":"","background-media":"","overlay-type":"","overlay-color":"","overlay-opacity":"","overlay-gradient":""}},"iawp_total_views":14,"footnotes":""},"categories":[286,153],"tags":[],"land":[46,65],"wirkungsbereich":[],"class_list":{"0":"post-4408","1":"post","2":"type-post","3":"status-publish","4":"format-standard","5":"has-post-thumbnail","7":"category-forschungsarchiv","8":"category-netzwerk","9":"land-costa-rica","10":"land-lateinamerika"},"acf":[],"_links":{"self":[{"href":"https:\/\/www.mission-21.org\/es\/wp-json\/wp\/v2\/posts\/4408","targetHints":{"allow":["GET"]}}],"collection":[{"href":"https:\/\/www.mission-21.org\/es\/wp-json\/wp\/v2\/posts"}],"about":[{"href":"https:\/\/www.mission-21.org\/es\/wp-json\/wp\/v2\/types\/post"}],"author":[{"embeddable":true,"href":"https:\/\/www.mission-21.org\/es\/wp-json\/wp\/v2\/users\/1"}],"replies":[{"embeddable":true,"href":"https:\/\/www.mission-21.org\/es\/wp-json\/wp\/v2\/comments?post=4408"}],"version-history":[{"count":1,"href":"https:\/\/www.mission-21.org\/es\/wp-json\/wp\/v2\/posts\/4408\/revisions"}],"predecessor-version":[{"id":4480,"href":"https:\/\/www.mission-21.org\/es\/wp-json\/wp\/v2\/posts\/4408\/revisions\/4480"}],"wp:featuredmedia":[{"embeddable":true,"href":"https:\/\/www.mission-21.org\/es\/wp-json\/wp\/v2\/media\/4409"}],"wp:attachment":[{"href":"https:\/\/www.mission-21.org\/es\/wp-json\/wp\/v2\/media?parent=4408"}],"wp:term":[{"taxonomy":"category","embeddable":true,"href":"https:\/\/www.mission-21.org\/es\/wp-json\/wp\/v2\/categories?post=4408"},{"taxonomy":"post_tag","embeddable":true,"href":"https:\/\/www.mission-21.org\/es\/wp-json\/wp\/v2\/tags?post=4408"},{"taxonomy":"land","embeddable":true,"href":"https:\/\/www.mission-21.org\/es\/wp-json\/wp\/v2\/land?post=4408"},{"taxonomy":"wirkungsbereich","embeddable":true,"href":"https:\/\/www.mission-21.org\/es\/wp-json\/wp\/v2\/wirkungsbereich?post=4408"}],"curies":[{"name":"wp","href":"https:\/\/api.w.org\/{rel}","templated":true}]}}