{"id":4414,"date":"2018-01-15T00:00:00","date_gmt":"2018-01-14T23:00:00","guid":{"rendered":"https:\/\/www.mission-21.org\/interreligioeser-dialog-zu-maria-maryam\/"},"modified":"2023-05-11T17:45:04","modified_gmt":"2023-05-11T15:45:04","slug":"interreligioso-dialogo-a-maria","status":"publish","type":"post","link":"https:\/\/www.mission-21.org\/es\/interreligioeser-dialog-zu-maria-maryam\/","title":{"rendered":"Di\u00e1logo interreligioso sobre Mar\u00eda\/Maryam"},"content":{"rendered":"<p>El motivo de este evento fue la visita del colaborador ecum\u00e9nico de Mission 21 <a href=\"\/es\/que-hacemos\/internationale-einsaetze\/empleados-internacionales\/boletines-uwe-hummel\/\">Uwe Hummel<\/a>. Es profesor del Colegio Teol\u00f3gico de la Iglesia Evang\u00e9lica de Kalimantan, en Indonesia. En este pa\u00eds de mayor\u00eda musulmana hay un ambiente tenso entre las religiones. Mission 21 apoya el di\u00e1logo interreligioso.<\/p>\n<p>Uwe Hummel ha tenido buenas experiencias con las lecturas b\u00edblico- cor\u00e1nicas en la Universidad Teol\u00f3gica y ha sugerido que se intente tambi\u00e9n en Basilea. El interlocutor Muris Begovic result\u00f3 ser un golpe de suerte. Elabor\u00f3 diferencias y similitudes teol\u00f3gicamente competentes en ambas escrituras sagradas. Nacido en Bosnia, es im\u00e1n y director de la<a href=\"http:\/\/vioz.ch\/\" target=\"_blank\" rel=\"noopener\"> Asociaci\u00f3n de Organizaciones Isl\u00e1micas de Z\u00farich<\/a> y jefe de la Capellan\u00eda Musulmana de Emergencia de Z\u00farich.<\/p>\n<p>En el evento se pregunt\u00f3 c\u00f3mo se ve a Mar\u00eda en las dos religiones. Un paralelo central de ambos textos es la virginidad. Sin embargo, Begovic tambi\u00e9n se\u00f1al\u00f3 que en el Magnificat de la Biblia, Mar\u00eda proclama con mucha seguridad un mensaje revolucionario de cambio de dominio. Una velada alentadora que posibilit\u00f3 nuevas percepciones a trav\u00e9s de la puesta en com\u00fan. Es bueno no hablar de los dem\u00e1s, sino hablar con los dem\u00e1s. En \u00c9feso hay incluso una Casa de la Madre Mar\u00eda, que visitan tanto los peregrinos cristianos como los musulmanes.<\/p>\n<p><!-- Link Back --><\/p>\n<div class=\"news-backlink-wrap\"><a href=\"\/es\/informar-a\/noticias\/\"><strong><\/p>\n<p>\t\t\t\t\t\t\t\t\t\t\t\tTodas las noticias<\/p>\n<p>\t\t\t\t\t\t\t\t\t<\/strong><\/a><\/div>","protected":false},"excerpt":{"rendered":"<p>Nos entendemos mejor cuando buscamos juntos lo que es sagrado para nosotros. Esto es lo que emprendi\u00f3 un concurrido evento de Misi\u00f3n 21 con una lectura interconfesional sobre Mar\u00eda\/Maryam en la Biblia y el Cor\u00e1n.<\/p>","protected":false},"author":1,"featured_media":4415,"comment_status":"closed","ping_status":"closed","sticky":false,"template":"","format":"standard","meta":{"_acf_changed":false,"_seopress_robots_primary_cat":"","_seopress_titles_title":"","_seopress_titles_desc":"","_seopress_robots_index":"","_searchwp_excluded":"","site-sidebar-layout":"default","site-content-layout":"","ast-site-content-layout":"default","site-content-style":"default","site-sidebar-style":"default","ast-global-header-display":"","ast-banner-title-visibility":"","ast-main-header-display":"","ast-hfb-above-header-display":"","ast-hfb-below-header-display":"","ast-hfb-mobile-header-display":"","site-post-title":"","ast-breadcrumbs-content":"","ast-featured-img":"","footer-sml-layout":"","ast-disable-related-posts":"","theme-transparent-header-meta":"","adv-header-id-meta":"","stick-header-meta":"","header-above-stick-meta":"","header-main-stick-meta":"","header-below-stick-meta":"","astra-migrate-meta-layouts":"default","ast-page-background-enabled":"default","ast-page-background-meta":{"desktop":{"background-color":"var(--ast-global-color-4)","background-image":"","background-repeat":"repeat","background-position":"center center","background-size":"auto","background-attachment":"scroll","background-type":"","background-media":"","overlay-type":"","overlay-color":"","overlay-opacity":"","overlay-gradient":""},"tablet":{"background-color":"","background-image":"","background-repeat":"repeat","background-position":"center center","background-size":"auto","background-attachment":"scroll","background-type":"","background-media":"","overlay-type":"","overlay-color":"","overlay-opacity":"","overlay-gradient":""},"mobile":{"background-color":"","background-image":"","background-repeat":"repeat","background-position":"center center","background-size":"auto","background-attachment":"scroll","background-type":"","background-media":"","overlay-type":"","overlay-color":"","overlay-opacity":"","overlay-gradient":""}},"ast-content-background-meta":{"desktop":{"background-color":"var(--ast-global-color-5)","background-image":"","background-repeat":"repeat","background-position":"center center","background-size":"auto","background-attachment":"scroll","background-type":"","background-media":"","overlay-type":"","overlay-color":"","overlay-opacity":"","overlay-gradient":""},"tablet":{"background-color":"var(--ast-global-color-5)","background-image":"","background-repeat":"repeat","background-position":"center center","background-size":"auto","background-attachment":"scroll","background-type":"","background-media":"","overlay-type":"","overlay-color":"","overlay-opacity":"","overlay-gradient":""},"mobile":{"background-color":"var(--ast-global-color-5)","background-image":"","background-repeat":"repeat","background-position":"center center","background-size":"auto","background-attachment":"scroll","background-type":"","background-media":"","overlay-type":"","overlay-color":"","overlay-opacity":"","overlay-gradient":""}},"iawp_total_views":29,"footnotes":""},"categories":[412,286,411],"tags":[243],"land":[34],"wirkungsbereich":[],"class_list":{"0":"post-4414","1":"post","2":"type-post","3":"status-publish","4":"format-standard","5":"has-post-thumbnail","7":"category-events","8":"category-forschungsarchiv","9":"category-internationale-lerngemeinschaft","10":"tag-religionsfreiheit","11":"land-schweiz"},"acf":[],"_links":{"self":[{"href":"https:\/\/www.mission-21.org\/es\/wp-json\/wp\/v2\/posts\/4414","targetHints":{"allow":["GET"]}}],"collection":[{"href":"https:\/\/www.mission-21.org\/es\/wp-json\/wp\/v2\/posts"}],"about":[{"href":"https:\/\/www.mission-21.org\/es\/wp-json\/wp\/v2\/types\/post"}],"author":[{"embeddable":true,"href":"https:\/\/www.mission-21.org\/es\/wp-json\/wp\/v2\/users\/1"}],"replies":[{"embeddable":true,"href":"https:\/\/www.mission-21.org\/es\/wp-json\/wp\/v2\/comments?post=4414"}],"version-history":[{"count":1,"href":"https:\/\/www.mission-21.org\/es\/wp-json\/wp\/v2\/posts\/4414\/revisions"}],"predecessor-version":[{"id":4463,"href":"https:\/\/www.mission-21.org\/es\/wp-json\/wp\/v2\/posts\/4414\/revisions\/4463"}],"wp:featuredmedia":[{"embeddable":true,"href":"https:\/\/www.mission-21.org\/es\/wp-json\/wp\/v2\/media\/4415"}],"wp:attachment":[{"href":"https:\/\/www.mission-21.org\/es\/wp-json\/wp\/v2\/media?parent=4414"}],"wp:term":[{"taxonomy":"category","embeddable":true,"href":"https:\/\/www.mission-21.org\/es\/wp-json\/wp\/v2\/categories?post=4414"},{"taxonomy":"post_tag","embeddable":true,"href":"https:\/\/www.mission-21.org\/es\/wp-json\/wp\/v2\/tags?post=4414"},{"taxonomy":"land","embeddable":true,"href":"https:\/\/www.mission-21.org\/es\/wp-json\/wp\/v2\/land?post=4414"},{"taxonomy":"wirkungsbereich","embeddable":true,"href":"https:\/\/www.mission-21.org\/es\/wp-json\/wp\/v2\/wirkungsbereich?post=4414"}],"curies":[{"name":"wp","href":"https:\/\/api.w.org\/{rel}","templated":true}]}}