{"id":4418,"date":"2017-11-03T00:00:00","date_gmt":"2017-11-02T23:00:00","guid":{"rendered":"https:\/\/www.mission-21.org\/mission-21-am-reformaction\/"},"modified":"2023-05-11T17:45:05","modified_gmt":"2023-05-11T15:45:05","slug":"mision-21-am-reformacion","status":"publish","type":"post","link":"https:\/\/www.mission-21.org\/es\/mission-21-am-reformaction\/","title":{"rendered":"Misi\u00f3n 21 en ReformAction"},"content":{"rendered":"<p>Un mar de luces formado por antorchas de tel\u00e9fonos inteligentes adorn\u00f3 el viernes por la noche el \"Parc des Bastions\" de Ginebra. Miles de j\u00f3venes se reunieron para reflexionar sobre su fe y la Reforma, y para divertirse juntos. El hecho de que la reflexi\u00f3n y el entretenimiento no son mutuamente excluyentes qued\u00f3 claro una y otra vez en el festival ReformAction. Adem\u00e1s de las actividades divertidas y los festejos, tambi\u00e9n hubo momentos de reflexi\u00f3n y contemplaci\u00f3n.<\/p>\n<p><strong>Especialmente destacado<\/strong><\/p>\n<p>Un momento especial para nosotros fue que en el festival, por primera vez, nuestro <a href=\"https:\/\/vimeo.com\/user77137651\/youngatmission21\" target=\"_blank\" rel=\"noopener\">Videoclip \"Be Young@Mission<\/a> se mostr\u00f3. Una de las preguntas del clip es: \"\u00bfCon qu\u00e9 seguimos comprometidos hoy?\". Evidentemente, esta pregunta conmovi\u00f3 no s\u00f3lo a los j\u00f3venes de la delegaci\u00f3n de Mission 21, sino tambi\u00e9n a muchos otros de los j\u00f3venes participantes en el festival. En nuestro puesto de informaci\u00f3n hab\u00edamos colocado una puerta de madera en la que la gente pod\u00eda fijar sus deseos de reforma. Al final de la velada, la puerta estaba llena de deseos para la sociedad. Revelaron que muchos de los chicos no s\u00f3lo quieren celebrar, sino que tambi\u00e9n quieren cambiar activamente la sociedad. Las camisetas azules de nuestros delegados, con la inscripci\u00f3n \"Agentes del Cambio\", subrayaban muy bien esta preocupaci\u00f3n.<\/p>\n<p><strong>Una fiesta para los j\u00f3venes<\/strong><\/p>\n<p>En ReformAction, los j\u00f3venes ocuparon el centro del escenario y obtuvieron el valor de su dinero. La ceremonia de apertura consisti\u00f3 en una impresionante proyecci\u00f3n de v\u00eddeo que resum\u00eda la historia de la Reforma hasta nuestros d\u00edas, acompa\u00f1ada de tambores y cantos en directo. El tel\u00f3n de fondo era el Monumento a la Reforma con las cuatro estatuas de Farel, Calvino, Beza y Knox. El festival fue una oportunidad para conocer gente nueva. Los participantes de toda Suiza se reunieron en talleres. \"Es bonito ver a tantos j\u00f3venes reunidos para explorar la fe\", dijo un participante de Misi\u00f3n 21. Pero el festival tambi\u00e9n tuvo un efecto de fortalecimiento de las relaciones de las personas que ya se conoc\u00edan: El grupo de Misi\u00f3n 21 se fortaleci\u00f3 a\u00fan m\u00e1s durante el fin de semana. Con sus camisetas azules, los j\u00f3venes delegados de la Misi\u00f3n 21 tambi\u00e9n eran reconocibles como una unidad desde el exterior. Esto se not\u00f3, por ejemplo, en el acto principal de ReformAction en el Palexpo Arena.<\/p>\n<p><strong>Servicio festivo<\/strong><\/p>\n<p>El servicio festivo en la iglesia de Saint-Pierre fue el \u00faltimo acto. La televisi\u00f3n suiza SRF lo retransmiti\u00f3 en directo. A pesar del tama\u00f1o de la iglesia, algunos espectadores tuvieron que conformarse con una pantalla emitida en un edificio adyacente. Sin embargo, nuestra delegaci\u00f3n estuvo presente en la iglesia. La cantidad de j\u00f3venes de toda Suiza que hab\u00edan viajado a este festival se puso de manifiesto una vez m\u00e1s tras el final de la misa: la gente sali\u00f3 en tropel de la iglesia durante casi 20 minutos. Despu\u00e9s, se hicieron las \u00faltimas fotos de grupo y la gente emprendi\u00f3 el camino de vuelta a casa. En el tren y en el autob\u00fas todav\u00eda se pod\u00eda o\u00edr a mucha gente cantando canciones y hablando del acontecimiento.<\/p>\n<p><!-- Link Back --><\/p>\n<div class=\"news-backlink-wrap\"><a href=\"\/es\/informar-a\/noticias\/\"><strong><\/p>\n<p>\t\t\t\t\t\t\t\t\t\t\t\tTodas las noticias<\/p>\n<p>\t\t\t\t\t\t\t\t\t<\/strong><\/a><\/div>","protected":false},"excerpt":{"rendered":"<p>Evento \u00fanico a gran escala: El pasado fin de semana, m\u00e1s de 5.000 j\u00f3venes y adultos j\u00f3venes celebraron el aniversario de la Reforma en el Festival de la Juventud Protestante ReformAction en Ginebra. Tambi\u00e9n estuvo presente una joven delegaci\u00f3n de Mission 21.<\/p>","protected":false},"author":1,"featured_media":4419,"comment_status":"closed","ping_status":"closed","sticky":false,"template":"","format":"standard","meta":{"_acf_changed":false,"_seopress_robots_primary_cat":"","_seopress_titles_title":"","_seopress_titles_desc":"","_seopress_robots_index":"","_searchwp_excluded":"","site-sidebar-layout":"default","site-content-layout":"","ast-site-content-layout":"default","site-content-style":"default","site-sidebar-style":"default","ast-global-header-display":"","ast-banner-title-visibility":"","ast-main-header-display":"","ast-hfb-above-header-display":"","ast-hfb-below-header-display":"","ast-hfb-mobile-header-display":"","site-post-title":"","ast-breadcrumbs-content":"","ast-featured-img":"","footer-sml-layout":"","ast-disable-related-posts":"","theme-transparent-header-meta":"","adv-header-id-meta":"","stick-header-meta":"","header-above-stick-meta":"","header-main-stick-meta":"","header-below-stick-meta":"","astra-migrate-meta-layouts":"default","ast-page-background-enabled":"default","ast-page-background-meta":{"desktop":{"background-color":"var(--ast-global-color-4)","background-image":"","background-repeat":"repeat","background-position":"center center","background-size":"auto","background-attachment":"scroll","background-type":"","background-media":"","overlay-type":"","overlay-color":"","overlay-opacity":"","overlay-gradient":""},"tablet":{"background-color":"","background-image":"","background-repeat":"repeat","background-position":"center center","background-size":"auto","background-attachment":"scroll","background-type":"","background-media":"","overlay-type":"","overlay-color":"","overlay-opacity":"","overlay-gradient":""},"mobile":{"background-color":"","background-image":"","background-repeat":"repeat","background-position":"center center","background-size":"auto","background-attachment":"scroll","background-type":"","background-media":"","overlay-type":"","overlay-color":"","overlay-opacity":"","overlay-gradient":""}},"ast-content-background-meta":{"desktop":{"background-color":"var(--ast-global-color-5)","background-image":"","background-repeat":"repeat","background-position":"center center","background-size":"auto","background-attachment":"scroll","background-type":"","background-media":"","overlay-type":"","overlay-color":"","overlay-opacity":"","overlay-gradient":""},"tablet":{"background-color":"var(--ast-global-color-5)","background-image":"","background-repeat":"repeat","background-position":"center center","background-size":"auto","background-attachment":"scroll","background-type":"","background-media":"","overlay-type":"","overlay-color":"","overlay-opacity":"","overlay-gradient":""},"mobile":{"background-color":"var(--ast-global-color-5)","background-image":"","background-repeat":"repeat","background-position":"center center","background-size":"auto","background-attachment":"scroll","background-type":"","background-media":"","overlay-type":"","overlay-color":"","overlay-opacity":"","overlay-gradient":""}},"iawp_total_views":49,"footnotes":""},"categories":[412,286,157],"tags":[],"land":[34],"wirkungsbereich":[],"class_list":{"0":"post-4418","1":"post","2":"type-post","3":"status-publish","4":"format-standard","5":"has-post-thumbnail","7":"category-events","8":"category-forschungsarchiv","9":"category-youngmission21","10":"land-schweiz"},"acf":[],"_links":{"self":[{"href":"https:\/\/www.mission-21.org\/es\/wp-json\/wp\/v2\/posts\/4418","targetHints":{"allow":["GET"]}}],"collection":[{"href":"https:\/\/www.mission-21.org\/es\/wp-json\/wp\/v2\/posts"}],"about":[{"href":"https:\/\/www.mission-21.org\/es\/wp-json\/wp\/v2\/types\/post"}],"author":[{"embeddable":true,"href":"https:\/\/www.mission-21.org\/es\/wp-json\/wp\/v2\/users\/1"}],"replies":[{"embeddable":true,"href":"https:\/\/www.mission-21.org\/es\/wp-json\/wp\/v2\/comments?post=4418"}],"version-history":[{"count":1,"href":"https:\/\/www.mission-21.org\/es\/wp-json\/wp\/v2\/posts\/4418\/revisions"}],"predecessor-version":[{"id":4502,"href":"https:\/\/www.mission-21.org\/es\/wp-json\/wp\/v2\/posts\/4418\/revisions\/4502"}],"wp:featuredmedia":[{"embeddable":true,"href":"https:\/\/www.mission-21.org\/es\/wp-json\/wp\/v2\/media\/4419"}],"wp:attachment":[{"href":"https:\/\/www.mission-21.org\/es\/wp-json\/wp\/v2\/media?parent=4418"}],"wp:term":[{"taxonomy":"category","embeddable":true,"href":"https:\/\/www.mission-21.org\/es\/wp-json\/wp\/v2\/categories?post=4418"},{"taxonomy":"post_tag","embeddable":true,"href":"https:\/\/www.mission-21.org\/es\/wp-json\/wp\/v2\/tags?post=4418"},{"taxonomy":"land","embeddable":true,"href":"https:\/\/www.mission-21.org\/es\/wp-json\/wp\/v2\/land?post=4418"},{"taxonomy":"wirkungsbereich","embeddable":true,"href":"https:\/\/www.mission-21.org\/es\/wp-json\/wp\/v2\/wirkungsbereich?post=4418"}],"curies":[{"name":"wp","href":"https:\/\/api.w.org\/{rel}","templated":true}]}}