{"id":34,"count":113,"description":"Pour Mission 21, le travail de programme et de projet \u00e0 l'\u00e9chelle mondiale ainsi que le travail de formation en Suisse sont indissociables. Nos offres de formation vous donnent un aper\u00e7u du contexte global et des exp\u00e9riences transfrontali\u00e8res. Et vous recevez des impulsions qui vous permettent et vous encouragent \u00e0 agir de mani\u00e8re solidaire. Nos offres sont certifi\u00e9es EduQua. L'offre de formation comprend des cours pour adultes et groupes de jeunes sur les th\u00e8mes suivants : Mondialisation et soci\u00e9t\u00e9, Spiritualit\u00e9 interculturelle, Religion et d\u00e9veloppement.\r\n\r\nNous proposons en outre des voyages de rencontre dans nos \u00e9glises et organisations partenaires en Afrique, en Asie et en Am\u00e9rique latine, ainsi que des s\u00e9jours sabbatiques pour les pasteurs au Costa Rica, au Cameroun, \u00e0 Hong Kong, en Indon\u00e9sie et au Japon. Vous trouverez toutes les informations \u00e0 ce sujet ici :\u00a0<a href=\"https:\/\/www.mission-21.org\/fr\/ce-que-nous-faisons\/offres-de-formation\/\">\u25ba Offres de formation Mission 21<\/a>\r\n\r\n&nbsp;\r\n<h4>Aper\u00e7u de notre travail \u00e9ducatif en Suisse<\/h4>\r\n<a href=\"https:\/\/www.mission-21.org\/fr\/ce-que-nous-faisons\/evenements\/https-2\/\/www-mission-21-org\/ce-que-nous-faisons\/evenements\/\">\u25ba \u00c9v\u00e9nements actuels<\/a>\r\n\r\n<a href=\"https:\/\/www.mission-21.org\/fr\/ce-que-nous-faisons\/evenements-darchives\/\">\u25ba Rapports et vid\u00e9os des \u00e9v\u00e9nements pass\u00e9s<\/a>\r\n\r\n<a href=\"https:\/\/www.mission-21.org\/fr\/ce-que-nous-faisons\/evenements-darchives\/\"><img src=\"https:\/\/www.mission-21.org\/fileadmin\/_processed_\/6\/4\/csm_Dialog_International_Neue_Mannsbilder_2019_Angel_Roman_Black_Tiger_bded5f5329.jpg\" width=\"230\" height=\"153\" \/><\/a>","link":"https:\/\/www.mission-21.org\/fr\/land\/europa\/schweiz\/","name":"Suisse","slug":"suisse","taxonomy":"land","parent":66,"meta":[],"acf":{"landcode":"CH","spende-link":"","alternative_karte":10121},"_links":{"self":[{"href":"https:\/\/www.mission-21.org\/fr\/wp-json\/wp\/v2\/land\/34","targetHints":{"allow":["GET"]}}],"collection":[{"href":"https:\/\/www.mission-21.org\/fr\/wp-json\/wp\/v2\/land"}],"about":[{"href":"https:\/\/www.mission-21.org\/fr\/wp-json\/wp\/v2\/taxonomies\/land"}],"up":[{"embeddable":true,"href":"https:\/\/www.mission-21.org\/fr\/wp-json\/wp\/v2\/land\/66"}],"wp:post_type":[{"href":"https:\/\/www.mission-21.org\/fr\/wp-json\/wp\/v2\/posts?land=34"},{"href":"https:\/\/www.mission-21.org\/fr\/wp-json\/wp\/v2\/partner?land=34"},{"href":"https:\/\/www.mission-21.org\/fr\/wp-json\/wp\/v2\/projekte?land=34"},{"href":"https:\/\/www.mission-21.org\/fr\/wp-json\/wp\/v2\/team?land=34"},{"href":"https:\/\/www.mission-21.org\/fr\/wp-json\/wp\/v2\/veranstaltung?land=34"}],"curies":[{"name":"wp","href":"https:\/\/api.w.org\/{rel}","templated":true}]}}