{"id":1168,"date":"2022-05-02T00:00:00","date_gmt":"2022-05-01T22:00:00","guid":{"rendered":"https:\/\/www.mission-21.org\/basler-mission-beherbergt-gefluechtete-aus-der-ukraine\/"},"modified":"2023-05-11T17:35:47","modified_gmt":"2023-05-11T15:35:47","slug":"mission-bale-heberge-des-refugies-de-lukraine","status":"publish","type":"post","link":"https:\/\/www.mission-21.org\/fr\/basler-mission-beherbergt-gefluechtete-aus-der-ukraine\/","title":{"rendered":"La Mission de B\u00e2le h\u00e9berge des r\u00e9fugi\u00e9s d'Ukraine"},"content":{"rendered":"<p>Deux s\u0153urs et leurs deux enfants adolescents ont pu prendre des chambres \u00e0 la Missionshaus de B\u00e2le d\u00e9but mars. Dans l'h\u00f4tel \"<a href=\"https:\/\/www.odelya.ch\/\" target=\"_blank\" rel=\"noopener\">Odelya<\/a>Vous avez trouv\u00e9 un premier logement dans le centre d'accueil de la \"Mission de B\u00e2le\", qui est g\u00e9r\u00e9 par la Mission de B\u00e2le.<\/p>\n<p>Cette aide concr\u00e8te est aussi l'expression d'un large engagement des milieux eccl\u00e9siastiques et des particuliers en faveur des personnes qui fuient la guerre en Ukraine. Outre la Mission de B\u00e2le, le pasteur Daniel Frei, qui dirige le pastorat de l'Eglise universelle des deux B\u00e2le et coordonne l'aide aux personnes en fuite, est \u00e9galement impliqu\u00e9.<\/p>\n<p>C'est \u00e9galement \u00e0 la maison de la mission que Nadia et sa fille Anastasia, ainsi que Lesia et son fils Maksym, ont re\u00e7u leurs premi\u00e8res le\u00e7ons d'allemand. Ils ont d\u00e9j\u00e0 \u00e9t\u00e9 pr\u00e9sent\u00e9s dans les m\u00e9dias, dans l'\u00e9dition de mai du <a href=\"https:\/\/www.kirchenbote-online.ch\/artikel\/?id=34041&amp;artikel=%C2%ABBasel-ist-unsere-zweite-Heimat-geworden%C2%BB\" target=\"_blank\" rel=\"noopener\">Messager de l'\u00c9glise<\/a> et dans le m\u00e9dia en ligne b\u00e2lois <a href=\"https:\/\/bajour.ch\/a\/Tuw7WFS6P9Ug2uYo\/ukrainerinnen-lernen-deutsch-mit-anmari\" target=\"_blank\" rel=\"noopener\">bajour<\/a>.<\/p>\n<p><!-- Link Back --><\/p>\n<div class=\"news-backlink-wrap\"><a href=\"\/fr\/informer\/news\/\"><strong><\/p>\n<p>\t\t\t\t\t\t\t\t\t\t\t\tToutes les actualit\u00e9s<\/p>\n<p>\t\t\t\t\t\t\t\t\t<\/strong><\/a><\/div>","protected":false},"excerpt":{"rendered":"<p>La Mission de B\u00e2le, association responsable de Mission 21, met \u00e0 disposition des r\u00e9fugi\u00e9s d'Ukraine un premier logement \u00e0 B\u00e2le.<\/p>","protected":false},"author":1,"featured_media":279,"comment_status":"closed","ping_status":"open","sticky":false,"template":"","format":"standard","meta":{"_acf_changed":false,"_seopress_robots_primary_cat":"","_seopress_titles_title":"","_seopress_titles_desc":"","_seopress_robots_index":"","_searchwp_excluded":"","site-sidebar-layout":"default","site-content-layout":"","ast-site-content-layout":"default","site-content-style":"default","site-sidebar-style":"default","ast-global-header-display":"","ast-banner-title-visibility":"","ast-main-header-display":"","ast-hfb-above-header-display":"","ast-hfb-below-header-display":"","ast-hfb-mobile-header-display":"","site-post-title":"","ast-breadcrumbs-content":"","ast-featured-img":"","footer-sml-layout":"","ast-disable-related-posts":"","theme-transparent-header-meta":"","adv-header-id-meta":"","stick-header-meta":"","header-above-stick-meta":"","header-main-stick-meta":"","header-below-stick-meta":"","astra-migrate-meta-layouts":"default","ast-page-background-enabled":"default","ast-page-background-meta":{"desktop":{"background-color":"var(--ast-global-color-4)","background-image":"","background-repeat":"repeat","background-position":"center center","background-size":"auto","background-attachment":"scroll","background-type":"","background-media":"","overlay-type":"","overlay-color":"","overlay-opacity":"","overlay-gradient":""},"tablet":{"background-color":"","background-image":"","background-repeat":"repeat","background-position":"center center","background-size":"auto","background-attachment":"scroll","background-type":"","background-media":"","overlay-type":"","overlay-color":"","overlay-opacity":"","overlay-gradient":""},"mobile":{"background-color":"","background-image":"","background-repeat":"repeat","background-position":"center center","background-size":"auto","background-attachment":"scroll","background-type":"","background-media":"","overlay-type":"","overlay-color":"","overlay-opacity":"","overlay-gradient":""}},"ast-content-background-meta":{"desktop":{"background-color":"var(--ast-global-color-5)","background-image":"","background-repeat":"repeat","background-position":"center center","background-size":"auto","background-attachment":"scroll","background-type":"","background-media":"","overlay-type":"","overlay-color":"","overlay-opacity":"","overlay-gradient":""},"tablet":{"background-color":"var(--ast-global-color-5)","background-image":"","background-repeat":"repeat","background-position":"center center","background-size":"auto","background-attachment":"scroll","background-type":"","background-media":"","overlay-type":"","overlay-color":"","overlay-opacity":"","overlay-gradient":""},"mobile":{"background-color":"var(--ast-global-color-5)","background-image":"","background-repeat":"repeat","background-position":"center center","background-size":"auto","background-attachment":"scroll","background-type":"","background-media":"","overlay-type":"","overlay-color":"","overlay-opacity":"","overlay-gradient":""}},"iawp_total_views":84,"footnotes":""},"categories":[155,153],"tags":[],"land":[],"wirkungsbereich":[],"class_list":{"0":"post-1168","1":"post","2":"type-post","3":"status-publish","4":"format-standard","5":"has-post-thumbnail","7":"category-menschen","8":"category-netzwerk"},"acf":[],"_links":{"self":[{"href":"https:\/\/www.mission-21.org\/fr\/wp-json\/wp\/v2\/posts\/1168","targetHints":{"allow":["GET"]}}],"collection":[{"href":"https:\/\/www.mission-21.org\/fr\/wp-json\/wp\/v2\/posts"}],"about":[{"href":"https:\/\/www.mission-21.org\/fr\/wp-json\/wp\/v2\/types\/post"}],"author":[{"embeddable":true,"href":"https:\/\/www.mission-21.org\/fr\/wp-json\/wp\/v2\/users\/1"}],"replies":[{"embeddable":true,"href":"https:\/\/www.mission-21.org\/fr\/wp-json\/wp\/v2\/comments?post=1168"}],"version-history":[{"count":1,"href":"https:\/\/www.mission-21.org\/fr\/wp-json\/wp\/v2\/posts\/1168\/revisions"}],"predecessor-version":[{"id":1997,"href":"https:\/\/www.mission-21.org\/fr\/wp-json\/wp\/v2\/posts\/1168\/revisions\/1997"}],"wp:featuredmedia":[{"embeddable":true,"href":"https:\/\/www.mission-21.org\/fr\/wp-json\/wp\/v2\/media\/279"}],"wp:attachment":[{"href":"https:\/\/www.mission-21.org\/fr\/wp-json\/wp\/v2\/media?parent=1168"}],"wp:term":[{"taxonomy":"category","embeddable":true,"href":"https:\/\/www.mission-21.org\/fr\/wp-json\/wp\/v2\/categories?post=1168"},{"taxonomy":"post_tag","embeddable":true,"href":"https:\/\/www.mission-21.org\/fr\/wp-json\/wp\/v2\/tags?post=1168"},{"taxonomy":"land","embeddable":true,"href":"https:\/\/www.mission-21.org\/fr\/wp-json\/wp\/v2\/land?post=1168"},{"taxonomy":"wirkungsbereich","embeddable":true,"href":"https:\/\/www.mission-21.org\/fr\/wp-json\/wp\/v2\/wirkungsbereich?post=1168"}],"curies":[{"name":"wp","href":"https:\/\/api.w.org\/{rel}","templated":true}]}}