{"id":1356,"date":"2020-10-30T00:00:00","date_gmt":"2020-10-29T23:00:00","guid":{"rendered":"https:\/\/www.mission-21.org\/mission-21-sagt-ja-zur-konzernverantwortungsinitiative\/"},"modified":"2023-05-11T17:35:52","modified_gmt":"2023-05-11T15:35:52","slug":"mission-21-dit-oui-a-linitiative-de-responsabilite-des-entreprises","status":"publish","type":"post","link":"https:\/\/www.mission-21.org\/fr\/mission-21-sagt-ja-zur-konzernverantwortungsinitiative\/","title":{"rendered":"Mission 21 dit oui \u00e0 l'initiative sur la responsabilit\u00e9 des multinationales"},"content":{"rendered":"<p>Les entreprises ayant leur si\u00e8ge en Suisse violent r\u00e9guli\u00e8rement les droits de l'homme et nuisent \u00e0 l'environnement. Dans nos pays partenaires aussi, de nombreux cas de ce type ont \u00e9t\u00e9 rendus publics ces derni\u00e8res ann\u00e9es : Au Nigeria, la filiale de LafargeHolcim met en danger des personnes par des fuites de poussi\u00e8re de ciment. Syngenta vend en Inde des pesticides mortels qui sont interdits chez nous depuis longtemps. Et Glencore empoisonne des rivi\u00e8res en R\u00e9publique d\u00e9mocratique du Congo et chasse des paysannes indig\u00e8nes de leurs terres ancestrales au P\u00e9rou. L'initiative pour des multinationales responsables veut mettre un terme \u00e0 de telles pratiques commerciales.<br \/><strong>Les entreprises doivent assumer les dommages<\/strong><br \/> L'initiative pose l'exigence de r\u00e8gles valables \u00e0 l'\u00e9chelle mondiale, qui va de soi dans une \u00e9conomie mondialis\u00e9e : Les entreprises doivent r\u00e9pondre des dommages qu'elles causent. Les personnes concern\u00e9es doivent donc d\u00e9sormais avoir la possibilit\u00e9 de porter plainte en Suisse pour obtenir des dommages et int\u00e9r\u00eats. Elles doivent alors prouver que le groupe est responsable de l'irr\u00e9gularit\u00e9. Si le si\u00e8ge suisse du groupe a pris des mesures appropri\u00e9es pour \u00e9viter le dommage, la plainte sera rejet\u00e9e. Le respect des droits de l'homme et des normes environnementales reconnues correspond au consensus international : dans de nombreux autres pays, ce que l'initiative demande pour la Suisse est un fait depuis longtemps.<br \/><strong>L'\u00c9glise soutient l'initiative<\/strong><br \/> Avec l'Eglise \u00e9vang\u00e9lique r\u00e9form\u00e9e de Suisse EKS, la Conf\u00e9rence des \u00e9v\u00eaques suisses, l'Alliance \u00e9vang\u00e9lique ainsi que d'innombrables paroisses et organisations eccl\u00e9siastiques comme Mission 21, l'Eglise s'est largement rang\u00e9e derri\u00e8re l'initiative. C'est tout \u00e0 fait compr\u00e9hensible, car l'initiative sur la responsabilit\u00e9 des multinationales se fonde sur des pr\u00e9occupations centrales du message biblique et de la foi chr\u00e9tienne : la justice, l'amour du prochain et la sauvegarde de la cr\u00e9ation.<br \/><strong>Un large soutien<\/strong><br \/> Outre plus de 130 organisations issues de tous les secteurs de la soci\u00e9t\u00e9 civile, le \"Comit\u00e9 \u00e9conomique pour des entreprises responsables\" et le \"Comit\u00e9 civique pour la responsabilit\u00e9 des entreprises\" soutiennent \u00e9galement l'initiative. Au niveau local, des b\u00e9n\u00e9voles ont cr\u00e9\u00e9 dans toute la Suisse plus de 450 comit\u00e9s locaux qui s'engagent pour la cause dans leur commune. Pour Mission 21, l'initiative pour la responsabilit\u00e9 des multinationales est un pas important vers un monde plus juste. Nous constatons r\u00e9guli\u00e8rement dans nos pays partenaires \u00e0 quel point les gens souffrent lorsque personne ne veille au respect des droits humains et de la protection de l'environnement. Il est important que nous nous engagions ensemble et \u00e0 tous les niveaux de la soci\u00e9t\u00e9 contre de tels abus - dans le domaine de la coop\u00e9ration au d\u00e9veloppement ainsi que sur le plan politique. C'est pourquoi nous recommandons nous aussi de voter oui \u00e0 l'initiative.<\/p>\n<p><strong>Documentaire \"Le rapport des multinationales<\/strong><\/p>\n<p><iframe allowfullscreen><\/iframe><\/p>\n<p><img decoding=\"async\" height=\"253\" src=\"\/fileadmin\/_processed_\/e\/a\/csm_KoVi_Banner_050eb969d2.jpg\" width=\"400\"><\/p>\n<p><!-- Link Back --><\/p>\n<div class=\"news-backlink-wrap\"><a href=\"\/fr\/informer\/news\/\"><strong><\/p>\n<p>\t\t\t\t\t\t\t\t\t\t\t\tToutes les actualit\u00e9s<\/p>\n<p>\t\t\t\t\t\t\t\t\t<\/strong><\/a><\/div>","protected":false},"excerpt":{"rendered":"<p>Le 29 novembre 2020, nous voterons en Suisse sur l'initiative sur la responsabilit\u00e9 des multinationales. Mission 21 s'engage \u00e9galement en faveur de cette initiative. Les entreprises doivent r\u00e9pondre des dommages caus\u00e9s aux personnes et \u00e0 l'environnement.<\/p>","protected":false},"author":1,"featured_media":1358,"comment_status":"closed","ping_status":"open","sticky":false,"template":"","format":"standard","meta":{"_acf_changed":false,"_seopress_robots_primary_cat":"","_seopress_titles_title":"","_seopress_titles_desc":"","_seopress_robots_index":"","_searchwp_excluded":"","site-sidebar-layout":"default","site-content-layout":"","ast-site-content-layout":"default","site-content-style":"default","site-sidebar-style":"default","ast-global-header-display":"","ast-banner-title-visibility":"","ast-main-header-display":"","ast-hfb-above-header-display":"","ast-hfb-below-header-display":"","ast-hfb-mobile-header-display":"","site-post-title":"","ast-breadcrumbs-content":"","ast-featured-img":"","footer-sml-layout":"","ast-disable-related-posts":"","theme-transparent-header-meta":"","adv-header-id-meta":"","stick-header-meta":"","header-above-stick-meta":"","header-main-stick-meta":"","header-below-stick-meta":"","astra-migrate-meta-layouts":"default","ast-page-background-enabled":"default","ast-page-background-meta":{"desktop":{"background-color":"var(--ast-global-color-4)","background-image":"","background-repeat":"repeat","background-position":"center center","background-size":"auto","background-attachment":"scroll","background-type":"","background-media":"","overlay-type":"","overlay-color":"","overlay-opacity":"","overlay-gradient":""},"tablet":{"background-color":"","background-image":"","background-repeat":"repeat","background-position":"center center","background-size":"auto","background-attachment":"scroll","background-type":"","background-media":"","overlay-type":"","overlay-color":"","overlay-opacity":"","overlay-gradient":""},"mobile":{"background-color":"","background-image":"","background-repeat":"repeat","background-position":"center center","background-size":"auto","background-attachment":"scroll","background-type":"","background-media":"","overlay-type":"","overlay-color":"","overlay-opacity":"","overlay-gradient":""}},"ast-content-background-meta":{"desktop":{"background-color":"var(--ast-global-color-5)","background-image":"","background-repeat":"repeat","background-position":"center center","background-size":"auto","background-attachment":"scroll","background-type":"","background-media":"","overlay-type":"","overlay-color":"","overlay-opacity":"","overlay-gradient":""},"tablet":{"background-color":"var(--ast-global-color-5)","background-image":"","background-repeat":"repeat","background-position":"center center","background-size":"auto","background-attachment":"scroll","background-type":"","background-media":"","overlay-type":"","overlay-color":"","overlay-opacity":"","overlay-gradient":""},"mobile":{"background-color":"var(--ast-global-color-5)","background-image":"","background-repeat":"repeat","background-position":"center center","background-size":"auto","background-attachment":"scroll","background-type":"","background-media":"","overlay-type":"","overlay-color":"","overlay-opacity":"","overlay-gradient":""}},"iawp_total_views":14,"footnotes":""},"categories":[154,155,153],"tags":[],"land":[],"wirkungsbereich":[],"class_list":{"0":"post-1356","1":"post","2":"type-post","3":"status-publish","4":"format-standard","5":"has-post-thumbnail","7":"category-advocacy","8":"category-menschen","9":"category-netzwerk"},"acf":[],"_links":{"self":[{"href":"https:\/\/www.mission-21.org\/fr\/wp-json\/wp\/v2\/posts\/1356","targetHints":{"allow":["GET"]}}],"collection":[{"href":"https:\/\/www.mission-21.org\/fr\/wp-json\/wp\/v2\/posts"}],"about":[{"href":"https:\/\/www.mission-21.org\/fr\/wp-json\/wp\/v2\/types\/post"}],"author":[{"embeddable":true,"href":"https:\/\/www.mission-21.org\/fr\/wp-json\/wp\/v2\/users\/1"}],"replies":[{"embeddable":true,"href":"https:\/\/www.mission-21.org\/fr\/wp-json\/wp\/v2\/comments?post=1356"}],"version-history":[{"count":1,"href":"https:\/\/www.mission-21.org\/fr\/wp-json\/wp\/v2\/posts\/1356\/revisions"}],"predecessor-version":[{"id":1357,"href":"https:\/\/www.mission-21.org\/fr\/wp-json\/wp\/v2\/posts\/1356\/revisions\/1357"}],"wp:featuredmedia":[{"embeddable":true,"href":"https:\/\/www.mission-21.org\/fr\/wp-json\/wp\/v2\/media\/1358"}],"wp:attachment":[{"href":"https:\/\/www.mission-21.org\/fr\/wp-json\/wp\/v2\/media?parent=1356"}],"wp:term":[{"taxonomy":"category","embeddable":true,"href":"https:\/\/www.mission-21.org\/fr\/wp-json\/wp\/v2\/categories?post=1356"},{"taxonomy":"post_tag","embeddable":true,"href":"https:\/\/www.mission-21.org\/fr\/wp-json\/wp\/v2\/tags?post=1356"},{"taxonomy":"land","embeddable":true,"href":"https:\/\/www.mission-21.org\/fr\/wp-json\/wp\/v2\/land?post=1356"},{"taxonomy":"wirkungsbereich","embeddable":true,"href":"https:\/\/www.mission-21.org\/fr\/wp-json\/wp\/v2\/wirkungsbereich?post=1356"}],"curies":[{"name":"wp","href":"https:\/\/api.w.org\/{rel}","templated":true}]}}