{"id":16839,"date":"2025-03-27T15:57:10","date_gmt":"2025-03-27T14:57:10","guid":{"rendered":"https:\/\/www.mission-21.org\/?p=16839"},"modified":"2025-04-08T15:57:28","modified_gmt":"2025-04-08T13:57:28","slug":"le-risque-dune-nouvelle-guerre-civile-au-soudan-du-sud","status":"publish","type":"post","link":"https:\/\/www.mission-21.org\/fr\/erneute-gefahr-eines-buergerkriegs-im-suedsudan-helfen-sie-jetzt\/","title":{"rendered":"Nouveau risque de guerre civile au Sud-Soudan : aidez maintenant !"},"content":{"rendered":"<p><strong>Un nouveau conflit sanglant menace d'\u00e9clater dans le plus jeune pays du monde. Des affrontements violents ont lieu entre les troupes gouvernementales et les milices ; des bombes sont \u00e9galement tomb\u00e9es pr\u00e8s de la capitale Juba. Selon les Nations unies, 60 000 personnes sont en fuite. L'aide humanitaire est d\u00e9sormais urgente.<\/strong><\/p>\n\n\n\n<p>Depuis plusieurs semaines d\u00e9j\u00e0, de violents affrontements ont lieu dans diff\u00e9rentes villes du Sud-Soudan. La semaine derni\u00e8re, le gouvernement sud-soudanais a en outre amen\u00e9 des troupes d'Ouganda \u00e0 Juba afin de s\u00e9curiser la capitale et de bombarder en m\u00eame temps Nasir (Upper Nile State). Des dizaines de personnes ont \u00e9t\u00e9 tu\u00e9es dans les combats. Depuis f\u00e9vrier, au moins 60 000 personnes ont fui la r\u00e9gion concern\u00e9e.<\/p>\n\n\n\n<p>Le pr\u00e9sident Salva Kiir et le vice-pr\u00e9sident Riek Machar s'accusent mutuellement d'attiser le conflit. Il y a quelques jours encore, Salva Kiir affirmait vouloir pr\u00e9server la paix fragile, mais Riek Machar a \u00e9t\u00e9 sorti de chez lui par des troupes lourdement arm\u00e9es et plac\u00e9 en r\u00e9sidence surveill\u00e9e.<\/p>\n\n\n\n<h2 class=\"wp-block-heading\">Mission 21 pr\u00e9voit une mission d'aide<\/h2>\n\n\n\n<p>Le Soudan du Sud, qui compte environ onze millions d'habitants*, a connu une grave guerre civile apr\u00e8s son ind\u00e9pendance du Soudan voisin du nord en 2011. Le pr\u00e9sident Salva Kiir Mayardit et son opposant Riek Machar ont form\u00e9 en 2020 un gouvernement de transition commun qui risque d\u00e9sormais d'\u00e9chouer. Le chef de la mission locale de l'ONU, Nicholas Haysom, ainsi que les \u00e9glises du Sud-Soudan ont appel\u00e9 les adversaires \u00e0 s'engager \u00e0 respecter l'accord de paix de 2018 et \u00e0 mettre fin aux violences.<\/p>\n\n\n\n<p>Mission 21 est pr\u00e9sente depuis des ann\u00e9es au Sud-Soudan et travaille avec l'Eglise partenaire PCOSS, la F\u00e9d\u00e9ration des Eglises du Sud-Soudan SSCC et d'autres organisations dans diff\u00e9rents projets, notamment dans la promotion de la paix. En collaboration avec les organisations partenaires, Mission 21 se pr\u00e9pare \u00e0 apporter une aide humanitaire cibl\u00e9e.<\/p>\n\n\n\n<p>Notre collaboratrice sur place d\u00e9crit la situation fragile actuelle. Guliba Florence Hakim nous encourage \u00e0 profiter de la p\u00e9riode de P\u00e2ques pour nous engager activement en faveur de la paix. \"P\u00e2ques signifie un nouveau d\u00e9part\", dit-elle.<\/p>\n\n\n\n<figure class=\"wp-block-embed is-type-video is-provider-vimeo wp-block-embed-vimeo wp-embed-aspect-16-9 wp-has-aspect-ratio\"><div class=\"wp-block-embed__wrapper\">\n<iframe hcb-fetch-image-from=\"https:\/\/vimeo.com\/1073569409\" title=\"P\u00e2ques 2025\" src=\"https:\/\/player.vimeo.com\/video\/1073569409?dnt=1&amp;app_id=122963\" width=\"500\" height=\"281\" frameborder=\"0\" allow=\"autoplay; fullscreen; picture-in-picture; clipboard-write; encrypted-media\"><\/iframe>\n<\/div><\/figure>\n\n\n\n<p><\/p>\n\n\n\n<p><a href=\"https:\/\/www.mission-21.org\/fr\/projets\/aide-humanitaire-au-sud-soudan\/\" target=\"_blank\" rel=\"noreferrer noopener\">\u25ba Faites un don ici pour l'aide humanitaire au Sud-Soudan<\/a><\/p>\n\n\n\n<p><a href=\"https:\/\/www.mission-21.org\/fr\/preview-campagne-2025\/\">\u25ba \"S'engager pour une soci\u00e9t\u00e9 pacifique\" - la campagne 2025 de Mission 21 met la promotion de la paix au centre de ses pr\u00e9occupations&nbsp;<\/a><\/p>\n\n\n\n<p><a href=\"https:\/\/koff.swisspeace.ch\/apropos\/5172\/south-sudan-between-hope-and-oblivion\/\" target=\"_blank\" rel=\"noreferrer noopener\">\u25ba \"South Sudan - Between Hope and Oblivion\" article dans le magazine \"\u00e0 propos <\/a><\/p>","protected":false},"excerpt":{"rendered":"<p><strong>Un nouveau conflit sanglant menace d'\u00e9clater dans le plus jeune pays du monde. Selon les Nations unies, au moins 60 000 personnes sont en fuite.<\/strong><\/p>","protected":false},"author":17,"featured_media":16842,"comment_status":"closed","ping_status":"closed","sticky":false,"template":"","format":"standard","meta":{"_acf_changed":false,"_seopress_robots_primary_cat":"none","_seopress_titles_title":"","_seopress_titles_desc":"","_seopress_robots_index":"","_searchwp_excluded":"","site-sidebar-layout":"default","site-content-layout":"","ast-site-content-layout":"default","site-content-style":"default","site-sidebar-style":"default","ast-global-header-display":"","ast-banner-title-visibility":"","ast-main-header-display":"","ast-hfb-above-header-display":"","ast-hfb-below-header-display":"","ast-hfb-mobile-header-display":"","site-post-title":"","ast-breadcrumbs-content":"","ast-featured-img":"","footer-sml-layout":"","ast-disable-related-posts":"","theme-transparent-header-meta":"","adv-header-id-meta":"","stick-header-meta":"","header-above-stick-meta":"","header-main-stick-meta":"","header-below-stick-meta":"","astra-migrate-meta-layouts":"set","ast-page-background-enabled":"default","ast-page-background-meta":{"desktop":{"background-color":"var(--ast-global-color-4)","background-image":"","background-repeat":"repeat","background-position":"center center","background-size":"auto","background-attachment":"scroll","background-type":"","background-media":"","overlay-type":"","overlay-color":"","overlay-opacity":"","overlay-gradient":""},"tablet":{"background-color":"","background-image":"","background-repeat":"repeat","background-position":"center center","background-size":"auto","background-attachment":"scroll","background-type":"","background-media":"","overlay-type":"","overlay-color":"","overlay-opacity":"","overlay-gradient":""},"mobile":{"background-color":"","background-image":"","background-repeat":"repeat","background-position":"center center","background-size":"auto","background-attachment":"scroll","background-type":"","background-media":"","overlay-type":"","overlay-color":"","overlay-opacity":"","overlay-gradient":""}},"ast-content-background-meta":{"desktop":{"background-color":"var(--ast-global-color-5)","background-image":"","background-repeat":"repeat","background-position":"center center","background-size":"auto","background-attachment":"scroll","background-type":"","background-media":"","overlay-type":"","overlay-color":"","overlay-opacity":"","overlay-gradient":""},"tablet":{"background-color":"var(--ast-global-color-5)","background-image":"","background-repeat":"repeat","background-position":"center center","background-size":"auto","background-attachment":"scroll","background-type":"","background-media":"","overlay-type":"","overlay-color":"","overlay-opacity":"","overlay-gradient":""},"mobile":{"background-color":"var(--ast-global-color-5)","background-image":"","background-repeat":"repeat","background-position":"center center","background-size":"auto","background-attachment":"scroll","background-type":"","background-media":"","overlay-type":"","overlay-color":"","overlay-opacity":"","overlay-gradient":""}},"iawp_total_views":382,"footnotes":""},"categories":[155,153],"tags":[],"land":[62,13],"wirkungsbereich":[16,376],"class_list":{"0":"post-16839","1":"post","2":"type-post","3":"status-publish","4":"format-standard","5":"has-post-thumbnail","7":"category-menschen","8":"category-netzwerk","9":"land-afrika","10":"land-suedsudan","11":"wirkungsbereich-friedensfoerderung","12":"wirkungsbereich-humanitaere-hilfe"},"acf":[],"_links":{"self":[{"href":"https:\/\/www.mission-21.org\/fr\/wp-json\/wp\/v2\/posts\/16839","targetHints":{"allow":["GET"]}}],"collection":[{"href":"https:\/\/www.mission-21.org\/fr\/wp-json\/wp\/v2\/posts"}],"about":[{"href":"https:\/\/www.mission-21.org\/fr\/wp-json\/wp\/v2\/types\/post"}],"author":[{"embeddable":true,"href":"https:\/\/www.mission-21.org\/fr\/wp-json\/wp\/v2\/users\/17"}],"replies":[{"embeddable":true,"href":"https:\/\/www.mission-21.org\/fr\/wp-json\/wp\/v2\/comments?post=16839"}],"version-history":[{"count":23,"href":"https:\/\/www.mission-21.org\/fr\/wp-json\/wp\/v2\/posts\/16839\/revisions"}],"predecessor-version":[{"id":17076,"href":"https:\/\/www.mission-21.org\/fr\/wp-json\/wp\/v2\/posts\/16839\/revisions\/17076"}],"wp:featuredmedia":[{"embeddable":true,"href":"https:\/\/www.mission-21.org\/fr\/wp-json\/wp\/v2\/media\/16842"}],"wp:attachment":[{"href":"https:\/\/www.mission-21.org\/fr\/wp-json\/wp\/v2\/media?parent=16839"}],"wp:term":[{"taxonomy":"category","embeddable":true,"href":"https:\/\/www.mission-21.org\/fr\/wp-json\/wp\/v2\/categories?post=16839"},{"taxonomy":"post_tag","embeddable":true,"href":"https:\/\/www.mission-21.org\/fr\/wp-json\/wp\/v2\/tags?post=16839"},{"taxonomy":"land","embeddable":true,"href":"https:\/\/www.mission-21.org\/fr\/wp-json\/wp\/v2\/land?post=16839"},{"taxonomy":"wirkungsbereich","embeddable":true,"href":"https:\/\/www.mission-21.org\/fr\/wp-json\/wp\/v2\/wirkungsbereich?post=16839"}],"curies":[{"name":"wp","href":"https:\/\/api.w.org\/{rel}","templated":true}]}}