{"id":1731,"date":"2018-06-28T00:00:00","date_gmt":"2018-06-27T22:00:00","guid":{"rendered":"https:\/\/www.mission-21.org\/mission-21-in-den-medien-portraet-einer-jugendbotschafterin-und-gnesa-podium-im-zentrum\/"},"modified":"2023-05-11T17:35:52","modified_gmt":"2023-05-11T15:35:52","slug":"mission-21-dans-les-medias-portrait-dune-jeune-ambassadrice-et-gnesa-podium-au-centre","status":"publish","type":"post","link":"https:\/\/www.mission-21.org\/fr\/mission-21-in-den-medien-portraet-einer-jugendbotschafterin-und-gnesa-podium-im-zentrum\/","title":{"rendered":"Mission 21 dans les m\u00e9dias : portrait d'une jeune ambassadrice et podium Gnesa au centre"},"content":{"rendered":"<p>Dans son compte rendu de la semaine synodale de Mission 21 \u00e0 Aarau, le journal reformiert. s'est focalis\u00e9 sur \"la jeunesse\" et \"les femmes\". Dans l'aper\u00e7u de l'\u00e9v\u00e9nement, la conf\u00e9rence des femmes du 13 juin a \u00e9t\u00e9 mise en avant. Et en r\u00e9trospective dans l'\u00e9dition de juillet et <a href=\"http:\/\/reformiert.info\/artikel\/aargau\/die-ambassadorin-der-verst%C3%A4ndigung\" target=\"_blank\" rel=\"noopener\">en ligne <\/a>la r\u00e9daction a choisi de faire le portrait d'une d\u00e9l\u00e9gu\u00e9e de la jeunesse.<\/p>\n<p>L'article, \u00e9crit de mani\u00e8re vivante, nous pr\u00e9sente une jeune adulte r\u00e9fl\u00e9chie. Anna Bachofner, 24 ans, est \u00e9tudiante en travail social \u00e0 Berne. Elle est critique envers la \"mission\" - mais a \u00e9t\u00e9 convaincue par le travail pratique sur place lors d'un voyage de rencontre de Mission 21 au Ghana : \"...les effets positifs des projets de construction de la paix sont extr\u00eamement impressionnants\".<\/p>\n<p><strong>Soir\u00e9e-d\u00e9bat avec Eduard Gnesa sur la politique des r\u00e9fugi\u00e9s<\/strong><br \/> Le Kirchenbote intercantonal a rendu compte en d\u00e9tail de l'expos\u00e9 d'Eduard Gnesa sur son site Internet. L'ancien ambassadeur sp\u00e9cial de la Suisse aupr\u00e8s de l'ONU pour les migrations est l'un des plus profonds connaisseurs de la migration. L'article sur <a href=\"https:\/\/www.kirchenbote-online.ch\/artikel\/?id=15574&amp;artikel=Fl%C3%BCchtlingspolitik:%20Die%20internationale%20Solidarit%C3%A4t%20br%C3%B6ckelt\" target=\"_blank\" rel=\"noopener\">kirchenbote-online.ch<\/a> donne un bel aper\u00e7u des principales d\u00e9clarations et des faits pr\u00e9sent\u00e9s par Gnesa dans son expos\u00e9.<\/p>\n<p>Gnesa a \u00e9galement mis fin \u00e0 des pr\u00e9jug\u00e9s courants. Ce n'est pas l'Europe, mais l'Afrique qui porte le plus lourd fardeau en mati\u00e8re de r\u00e9fugi\u00e9s. En effet, la grande majorit\u00e9 des r\u00e9fugi\u00e9s africains cherchent une protection dans les pays voisins ou en tant que \"r\u00e9fugi\u00e9s internes\" dans une autre r\u00e9gion de leur propre pays. Les r\u00e9fugi\u00e9s qui viennent en Europe ne le font d'ailleurs qu'en petite partie pour des raisons \u00e9conomiques : \"Celui qui demande l'asile chez nous est en g\u00e9n\u00e9ral v\u00e9ritablement pers\u00e9cut\u00e9\". a soulign\u00e9 Gnesa.<\/p>\n<p>Dans son \u00e9mission du soir du 14 juin, le Regionaljournal Aargau\/Solothurn sur la radio SRF 1 a parl\u00e9 de l'Assembl\u00e9e continentale d'Europe, l'une des organisations de soutien de Mission 21. Elle a interrog\u00e9 \u00e0 ce sujet l'h\u00f4te du Synode missionnaire, le pasteur Christoph Weber-Berg, pr\u00e9sident de l'Eglise cantonale d'Argovie.<\/p>\n<p><strong>Nouveau membre du comit\u00e9 directeur : Claudia Hoffmann<\/strong><br \/> Enfin, le renforcement du personnel du comit\u00e9 directeur de Mission 21 a fait l'objet de plusieurs m\u00e9dias. Le Synode missionnaire a \u00e9lu vendredi 15 juin la th\u00e9ologienne b\u00e2loise Dr Claudia Hoffmann au comit\u00e9 directeur de Mission 21. Le portail des m\u00e9dias des r\u00e9form\u00e9s, ref.ch, et - dans le cadre d'un rapport final sur l'ensemble du Synode - le portail des m\u00e9dias des catholiques, kath.ch, en ont rendu compte.<\/p>\n<p><a href=\"http:\/\/reformiert.info\/artikel\/aargau\/die-ambassadorin-der-verst%C3%A4ndigung\" target=\"_blank\" rel=\"noopener\">\u25ba Lire le portrait complet d'Anna Bachofner<\/a><\/p>\n<p><a href=\"https:\/\/www.kirchenbote-online.ch\/artikel\/?id=15574&amp;artikel=Fl%C3%BCchtlingspolitik:%20Die%20internationale%20Solidarit%C3%A4t%20br%C3%B6ckelt\" target=\"_blank\" rel=\"noopener\">\u25ba Compte rendu de la soir\u00e9e-d\u00e9bat avec Eduard Gnesa sur le web<\/a><\/p>\n<p><a href=\"https:\/\/www.srf.ch\/sendungen\/regionaljournal-aargau-solothurn\/solothurner-spitaeler-ag-fehlt-in-dornach-das-geld\" target=\"_blank\" rel=\"noopener\">\u25ba Reportage sur l'Assembl\u00e9e continentale Europe dans le journal r\u00e9gional AG\/SO, \u00e0 partir de la minute 10:10<\/a><\/p>\n<p><a href=\"https:\/\/www.ref.ch\/news\/mission-21-erweitert-vorstand-um-ein-siebtes-weibliches-mitglied\/\" target=\"_blank\" rel=\"noopener\">\u25ba L'\u00e9lection de Claudia Hoffmann au comit\u00e9 de Mission 21 sur ref.ch<\/a><\/p>\n<p><a href=\"https:\/\/www.kath.ch\/medienspiegel\/internationale-missionssynode-2018-buntes-fest-als-abschluss\/\" target=\"_blank\" rel=\"noopener\">\u25ba Le rapport sur la semaine synodale sur kath.ch<\/a><\/p>\n<p><!-- Link Back --><\/p>\n<div class=\"news-backlink-wrap\"><a href=\"\/fr\/informer\/news\/\"><strong><\/p>\n<p>\t\t\t\t\t\t\t\t\t\t\t\tToutes les actualit\u00e9s<\/p>\n<p>\t\t\t\t\t\t\t\t\t<\/strong><\/a><\/div>","protected":false},"excerpt":{"rendered":"<p>Le journal reformiert. Aargau a publi\u00e9 dans son \u00e9dition de juillet un portrait d'une jeune ambassadrice de Mission 21. Dans l'article de reformiert., on peut lire comment Mission 21 a pu enthousiasmer cette jeune femme critique pour son programme d'ambassade de jeunesse. Dans d'autres m\u00e9dias, c'est surtout la soir\u00e9e de discussion avec l'ancien ambassadeur sp\u00e9cial Eduard Gnesa qui a suscit\u00e9 un vif int\u00e9r\u00eat.<\/p>","protected":false},"author":1,"featured_media":1732,"comment_status":"closed","ping_status":"open","sticky":false,"template":"","format":"standard","meta":{"_acf_changed":false,"_seopress_robots_primary_cat":"","_seopress_titles_title":"","_seopress_titles_desc":"","_seopress_robots_index":"","_searchwp_excluded":"","site-sidebar-layout":"default","site-content-layout":"","ast-site-content-layout":"default","site-content-style":"default","site-sidebar-style":"default","ast-global-header-display":"","ast-banner-title-visibility":"","ast-main-header-display":"","ast-hfb-above-header-display":"","ast-hfb-below-header-display":"","ast-hfb-mobile-header-display":"","site-post-title":"","ast-breadcrumbs-content":"","ast-featured-img":"","footer-sml-layout":"","ast-disable-related-posts":"","theme-transparent-header-meta":"","adv-header-id-meta":"","stick-header-meta":"","header-above-stick-meta":"","header-main-stick-meta":"","header-below-stick-meta":"","astra-migrate-meta-layouts":"default","ast-page-background-enabled":"default","ast-page-background-meta":{"desktop":{"background-color":"var(--ast-global-color-4)","background-image":"","background-repeat":"repeat","background-position":"center center","background-size":"auto","background-attachment":"scroll","background-type":"","background-media":"","overlay-type":"","overlay-color":"","overlay-opacity":"","overlay-gradient":""},"tablet":{"background-color":"","background-image":"","background-repeat":"repeat","background-position":"center center","background-size":"auto","background-attachment":"scroll","background-type":"","background-media":"","overlay-type":"","overlay-color":"","overlay-opacity":"","overlay-gradient":""},"mobile":{"background-color":"","background-image":"","background-repeat":"repeat","background-position":"center center","background-size":"auto","background-attachment":"scroll","background-type":"","background-media":"","overlay-type":"","overlay-color":"","overlay-opacity":"","overlay-gradient":""}},"ast-content-background-meta":{"desktop":{"background-color":"var(--ast-global-color-5)","background-image":"","background-repeat":"repeat","background-position":"center center","background-size":"auto","background-attachment":"scroll","background-type":"","background-media":"","overlay-type":"","overlay-color":"","overlay-opacity":"","overlay-gradient":""},"tablet":{"background-color":"var(--ast-global-color-5)","background-image":"","background-repeat":"repeat","background-position":"center center","background-size":"auto","background-attachment":"scroll","background-type":"","background-media":"","overlay-type":"","overlay-color":"","overlay-opacity":"","overlay-gradient":""},"mobile":{"background-color":"var(--ast-global-color-5)","background-image":"","background-repeat":"repeat","background-position":"center center","background-size":"auto","background-attachment":"scroll","background-type":"","background-media":"","overlay-type":"","overlay-color":"","overlay-opacity":"","overlay-gradient":""}},"iawp_total_views":19,"footnotes":""},"categories":[155,153,157],"tags":[276],"land":[],"wirkungsbereich":[],"class_list":{"0":"post-1731","1":"post","2":"type-post","3":"status-publish","4":"format-standard","5":"has-post-thumbnail","7":"category-menschen","8":"category-netzwerk","9":"category-youngmission21","10":"tag-missionssynode-2018"},"acf":[],"_links":{"self":[{"href":"https:\/\/www.mission-21.org\/fr\/wp-json\/wp\/v2\/posts\/1731","targetHints":{"allow":["GET"]}}],"collection":[{"href":"https:\/\/www.mission-21.org\/fr\/wp-json\/wp\/v2\/posts"}],"about":[{"href":"https:\/\/www.mission-21.org\/fr\/wp-json\/wp\/v2\/types\/post"}],"author":[{"embeddable":true,"href":"https:\/\/www.mission-21.org\/fr\/wp-json\/wp\/v2\/users\/1"}],"replies":[{"embeddable":true,"href":"https:\/\/www.mission-21.org\/fr\/wp-json\/wp\/v2\/comments?post=1731"}],"version-history":[{"count":1,"href":"https:\/\/www.mission-21.org\/fr\/wp-json\/wp\/v2\/posts\/1731\/revisions"}],"predecessor-version":[{"id":1858,"href":"https:\/\/www.mission-21.org\/fr\/wp-json\/wp\/v2\/posts\/1731\/revisions\/1858"}],"wp:featuredmedia":[{"embeddable":true,"href":"https:\/\/www.mission-21.org\/fr\/wp-json\/wp\/v2\/media\/1732"}],"wp:attachment":[{"href":"https:\/\/www.mission-21.org\/fr\/wp-json\/wp\/v2\/media?parent=1731"}],"wp:term":[{"taxonomy":"category","embeddable":true,"href":"https:\/\/www.mission-21.org\/fr\/wp-json\/wp\/v2\/categories?post=1731"},{"taxonomy":"post_tag","embeddable":true,"href":"https:\/\/www.mission-21.org\/fr\/wp-json\/wp\/v2\/tags?post=1731"},{"taxonomy":"land","embeddable":true,"href":"https:\/\/www.mission-21.org\/fr\/wp-json\/wp\/v2\/land?post=1731"},{"taxonomy":"wirkungsbereich","embeddable":true,"href":"https:\/\/www.mission-21.org\/fr\/wp-json\/wp\/v2\/wirkungsbereich?post=1731"}],"curies":[{"name":"wp","href":"https:\/\/api.w.org\/{rel}","templated":true}]}}