{"id":1739,"date":"2018-06-15T00:00:00","date_gmt":"2018-06-14T22:00:00","guid":{"rendered":"https:\/\/www.mission-21.org\/die-kontinentalversammlung-europa-wagte-den-blick-in-eine-bewegte-zukunft\/"},"modified":"2023-05-11T17:35:48","modified_gmt":"2023-05-11T15:35:48","slug":"lassemblee-continentale-europe-a-ose-regarder-vers-un-avenir-en-mouvement-2","status":"publish","type":"post","link":"https:\/\/www.mission-21.org\/fr\/die-kontinentalversammlung-europa-wagte-den-blick-in-eine-bewegte-zukunft-2\/","title":{"rendered":"L'Assembl\u00e9e continentale europ\u00e9enne a os\u00e9 se projeter dans un avenir mouvement\u00e9"},"content":{"rendered":"<p>Le jeudi 14 juin, l'Assembl\u00e9e continentale Europe (KVE) s'est r\u00e9unie dans le b\u00e2timent du Grand Conseil \u00e0 Aarau. Comme les Assembl\u00e9es continentales de Mission 21 en Afrique, en Am\u00e9rique latine et en Asie, l'APC doit int\u00e9grer le niveau des Eglises en Suisse et en Europe en tant que partenaires de Mission 21. A cette occasion, une modification importante des statuts a \u00e9t\u00e9 adopt\u00e9e : Afin de rajeunir l'organe, trois d\u00e9l\u00e9gu\u00e9s de la jeunesse seront d\u00e9sormais admis, dont l'un devra \u00eatre \u00e2g\u00e9 de moins de 35 ans. <span style=\"color:black\">Magdalena Rieder a \u00e9t\u00e9 \u00e9lue premi\u00e8re d\u00e9l\u00e9gu\u00e9e de la jeunesse. Barbara Hirsbrunner (Grisons) et Pascal Bazell (Saint-Gall) ont \u00e9galement \u00e9t\u00e9 \u00e9lus comme nouveaux membres du comit\u00e9.<\/span><\/p>\n<p>La partie publique de l'apr\u00e8s-midi \u00e9tait consacr\u00e9e \u00e0 la transformation du monde par la migration. L'expos\u00e9 sur ce th\u00e8me a \u00e9t\u00e9 pr\u00e9sent\u00e9 par le Dr Andreas M. Walker, futurologue de renom. \"Il n'existe pas d'expos\u00e9 standard sur l'avenir du monde \u00e0 travers la migration\", a d\u00e9clar\u00e9 d'embl\u00e9e Walker. Il compare la situation complexe du pr\u00e9sent (et de l'avenir) mondialis\u00e9 \u00e0 un mobile o\u00f9 beaucoup de choses sont en mouvement en m\u00eame temps \u00e0 des endroits tr\u00e8s diff\u00e9rents : \"Nous pouvons observer actuellement qu'il existe de nombreuses soi-disant m\u00e9gatendances qui sont d\u00e9terminantes pour l'avenir - la migration n'en est qu'une\". D'autres exemples de m\u00e9gatendances sont l'esp\u00e9rance de vie toujours plus longue ou la num\u00e9risation.<\/p>\n<p><strong>Des jeunes hommes sans perspectives&nbsp;<\/strong><br \/> Walker a donc abord\u00e9 sa pr\u00e9sentation de mani\u00e8re diff\u00e9renci\u00e9e : au lieu de pr\u00e9senter un sc\u00e9nario possible, il s'est risqu\u00e9 \u00e0 donner 10 perspectives diff\u00e9rentes sur la mani\u00e8re dont la migration marquera l'avenir. Par exemple, la gestion des jeunes hommes sans perspectives devient de plus en plus importante - car c'est surtout ce groupe de population qui migre. Cela est notamment li\u00e9 aux nombreux avortements s\u00e9lectifs, en particulier en Chine et en Inde, qui ont d\u00e9j\u00e0 r\u00e9duit la part des femmes dans la population totale de pr\u00e8s de 20 pour cent \u00e0 certains endroits. \"Quand il y a autant de jeunes hommes en d\u00e9placement, il y a forc\u00e9ment de la violence\", est le pronostic d\u00e9sabus\u00e9 de Walker.<\/p>\n<p>Ses neuf autres perspectives mettent \u00e9galement en \u00e9vidence la complexit\u00e9 de la situation migratoire, l'ampleur de ses cons\u00e9quences - et l'urgence d'agir. Il plaide n\u00e9anmoins pour que l'on agisse dans une perspective d'espoir plut\u00f4t que de peur : \"Cette peur du changement et ce besoin prononc\u00e9 de s\u00e9curit\u00e9 sont quelque chose de typiquement suisse et allemand\", dit-il - \"alors que les vertus chr\u00e9tiennes seraient plut\u00f4t l'espoir et l'absence de peur\".&nbsp;<\/p>\n<p>Apr\u00e8s une courte pause caf\u00e9, les jeunes d\u00e9l\u00e9gu\u00e9s de Mission 21 Richard Offei (Ghana) et Halim Pratama (Indon\u00e9sie) ont eu l'occasion de r\u00e9pondre aux diff\u00e9rentes th\u00e8ses de Walker par une r\u00e9plique du point de vue de leur contexte respectif.<\/p>\n<p>Dans l'ensemble, ce fut un apr\u00e8s-midi tr\u00e8s passionnant, qui a \u00e9galement donn\u00e9 \u00e0 r\u00e9fl\u00e9chir - et qui a illustr\u00e9 une fois de plus l'importance de la solidarit\u00e9 et de la recherche commune de solutions internationales.<\/p>\n<p><!-- Link Back --><\/p>\n<div class=\"news-backlink-wrap\"><a href=\"\/fr\/informer\/news\/\"><strong><\/p>\n<p>\t\t\t\t\t\t\t\t\t\t\t\tToutes les actualit\u00e9s<\/p>\n<p>\t\t\t\t\t\t\t\t\t<\/strong><\/a><\/div>","protected":false},"excerpt":{"rendered":"<p>Comment la migration change-t-elle l'avenir ? Cette question \u00e9tait au c\u0153ur de la r\u00e9union de l'Assembl\u00e9e continentale Europe de Mission 21.<\/p>","protected":false},"author":1,"featured_media":283,"comment_status":"closed","ping_status":"open","sticky":false,"template":"","format":"standard","meta":{"_acf_changed":false,"_seopress_robots_primary_cat":"","_seopress_titles_title":"","_seopress_titles_desc":"","_seopress_robots_index":"","_searchwp_excluded":"","site-sidebar-layout":"default","site-content-layout":"","ast-site-content-layout":"default","site-content-style":"default","site-sidebar-style":"default","ast-global-header-display":"","ast-banner-title-visibility":"","ast-main-header-display":"","ast-hfb-above-header-display":"","ast-hfb-below-header-display":"","ast-hfb-mobile-header-display":"","site-post-title":"","ast-breadcrumbs-content":"","ast-featured-img":"","footer-sml-layout":"","ast-disable-related-posts":"","theme-transparent-header-meta":"","adv-header-id-meta":"","stick-header-meta":"","header-above-stick-meta":"","header-main-stick-meta":"","header-below-stick-meta":"","astra-migrate-meta-layouts":"default","ast-page-background-enabled":"default","ast-page-background-meta":{"desktop":{"background-color":"var(--ast-global-color-4)","background-image":"","background-repeat":"repeat","background-position":"center center","background-size":"auto","background-attachment":"scroll","background-type":"","background-media":"","overlay-type":"","overlay-color":"","overlay-opacity":"","overlay-gradient":""},"tablet":{"background-color":"","background-image":"","background-repeat":"repeat","background-position":"center center","background-size":"auto","background-attachment":"scroll","background-type":"","background-media":"","overlay-type":"","overlay-color":"","overlay-opacity":"","overlay-gradient":""},"mobile":{"background-color":"","background-image":"","background-repeat":"repeat","background-position":"center center","background-size":"auto","background-attachment":"scroll","background-type":"","background-media":"","overlay-type":"","overlay-color":"","overlay-opacity":"","overlay-gradient":""}},"ast-content-background-meta":{"desktop":{"background-color":"var(--ast-global-color-5)","background-image":"","background-repeat":"repeat","background-position":"center center","background-size":"auto","background-attachment":"scroll","background-type":"","background-media":"","overlay-type":"","overlay-color":"","overlay-opacity":"","overlay-gradient":""},"tablet":{"background-color":"var(--ast-global-color-5)","background-image":"","background-repeat":"repeat","background-position":"center center","background-size":"auto","background-attachment":"scroll","background-type":"","background-media":"","overlay-type":"","overlay-color":"","overlay-opacity":"","overlay-gradient":""},"mobile":{"background-color":"var(--ast-global-color-5)","background-image":"","background-repeat":"repeat","background-position":"center center","background-size":"auto","background-attachment":"scroll","background-type":"","background-media":"","overlay-type":"","overlay-color":"","overlay-opacity":"","overlay-gradient":""}},"iawp_total_views":62,"footnotes":""},"categories":[153],"tags":[276],"land":[],"wirkungsbereich":[],"class_list":{"0":"post-1739","1":"post","2":"type-post","3":"status-publish","4":"format-standard","5":"has-post-thumbnail","7":"category-netzwerk","8":"tag-missionssynode-2018"},"acf":[],"_links":{"self":[{"href":"https:\/\/www.mission-21.org\/fr\/wp-json\/wp\/v2\/posts\/1739","targetHints":{"allow":["GET"]}}],"collection":[{"href":"https:\/\/www.mission-21.org\/fr\/wp-json\/wp\/v2\/posts"}],"about":[{"href":"https:\/\/www.mission-21.org\/fr\/wp-json\/wp\/v2\/types\/post"}],"author":[{"embeddable":true,"href":"https:\/\/www.mission-21.org\/fr\/wp-json\/wp\/v2\/users\/1"}],"replies":[{"embeddable":true,"href":"https:\/\/www.mission-21.org\/fr\/wp-json\/wp\/v2\/comments?post=1739"}],"version-history":[{"count":1,"href":"https:\/\/www.mission-21.org\/fr\/wp-json\/wp\/v2\/posts\/1739\/revisions"}],"predecessor-version":[{"id":1947,"href":"https:\/\/www.mission-21.org\/fr\/wp-json\/wp\/v2\/posts\/1739\/revisions\/1947"}],"wp:featuredmedia":[{"embeddable":true,"href":"https:\/\/www.mission-21.org\/fr\/wp-json\/wp\/v2\/media\/283"}],"wp:attachment":[{"href":"https:\/\/www.mission-21.org\/fr\/wp-json\/wp\/v2\/media?parent=1739"}],"wp:term":[{"taxonomy":"category","embeddable":true,"href":"https:\/\/www.mission-21.org\/fr\/wp-json\/wp\/v2\/categories?post=1739"},{"taxonomy":"post_tag","embeddable":true,"href":"https:\/\/www.mission-21.org\/fr\/wp-json\/wp\/v2\/tags?post=1739"},{"taxonomy":"land","embeddable":true,"href":"https:\/\/www.mission-21.org\/fr\/wp-json\/wp\/v2\/land?post=1739"},{"taxonomy":"wirkungsbereich","embeddable":true,"href":"https:\/\/www.mission-21.org\/fr\/wp-json\/wp\/v2\/wirkungsbereich?post=1739"}],"curies":[{"name":"wp","href":"https:\/\/api.w.org\/{rel}","templated":true}]}}