{"id":18022,"date":"2025-09-01T12:13:22","date_gmt":"2025-09-01T10:13:22","guid":{"rendered":"https:\/\/www.mission-21.org\/?p=18022"},"modified":"2025-09-01T12:13:26","modified_gmt":"2025-09-01T10:13:26","slug":"comment-nous-nous-engageons-contre-la-radicalisation-et-la-violence","status":"publish","type":"post","link":"https:\/\/www.mission-21.org\/fr\/wie-wir-uns-gegen-radikalisierung-und-gewalt-einsetzen\/","title":{"rendered":"Comment nous nous engageons contre la radicalisation et la violence"},"content":{"rendered":"<p><strong>Tout sur la campagne \"S'engager pour une soci\u00e9t\u00e9 pacifique\", qui se concentre sur la promotion de la paix au Sud-Soudan, au Nigeria et en Indon\u00e9sie, ainsi qu'un aper\u00e7u du travail de notre organisation partenaire en Bolivie, qui sensibilise les enfants aux abus par le biais d'ateliers de pr\u00e9vention.<\/strong><\/p>\n\n\n\n<p>Ce num\u00e9ro traite entre autres de notre campagne \".<a href=\"https:\/\/www.mission-21.org\/fr\/campagne-2030\/\" data-type=\"link\" data-id=\"https:\/\/www.mission-21.org\/kampagne-2024\/\" target=\"_blank\" rel=\"noreferrer noopener\">S'engager pour une soci\u00e9t\u00e9 pacifique<\/a>\", qui d\u00e9bute le 7 septembre : Nous mettrons en lumi\u00e8re l'importance de la coop\u00e9ration interreligieuse et transculturelle pour plus de paix et de justice au Sud-Soudan, au Nigeria et en Indon\u00e9sie.<\/p>\n\n\n\n<div class=\"wp-block-media-text is-stacked-on-mobile is-vertically-aligned-center\" style=\"grid-template-columns:15% auto\"><figure class=\"wp-block-media-text__media\"><img decoding=\"async\" width=\"901\" height=\"1166\" src=\"https:\/\/www.mission-21.org\/wp-content\/uploads\/2025\/08\/cover_begegnen_3-2025_magazin.jpg\" alt=\"magazine de couverture 3 2025\" class=\"wp-image-18027 size-full\" srcset=\"https:\/\/www.mission-21.org\/wp-content\/uploads\/2025\/08\/cover_begegnen_3-2025_magazin.jpg 901w, https:\/\/www.mission-21.org\/wp-content\/uploads\/2025\/08\/cover_begegnen_3-2025_magazin-695x900.jpg 695w, https:\/\/www.mission-21.org\/wp-content\/uploads\/2025\/08\/cover_begegnen_3-2025_magazin-768x994.jpg 768w, https:\/\/www.mission-21.org\/wp-content\/uploads\/2025\/08\/cover_begegnen_3-2025_magazin-9x12.jpg 9w, https:\/\/www.mission-21.org\/wp-content\/uploads\/2025\/08\/cover_begegnen_3-2025_magazin-300x388.jpg 300w, https:\/\/www.mission-21.org\/wp-content\/uploads\/2025\/08\/cover_begegnen_3-2025_magazin-600x776.jpg 600w\" sizes=\"(max-width: 901px) 100vw, 901px\" \/><\/figure><div class=\"wp-block-media-text__content\">\n<p><a href=\"https:\/\/www.mission-21.org\/wp-content\/uploads\/2025\/08\/gzd2_m21_begegnen_3-2025_magazin-2.pdf\" data-type=\"download\" data-id=\"8884\" target=\"_blank\" rel=\"noreferrer noopener\">Le magazine \"Rencontrer\" de septembre 2025<\/a><\/p>\n<\/div><\/div>\n\n\n\n<p><\/p>\n\n\n\n<p>Les guerres, les tensions politiques et les divisions sociales augmentent dans le monde entier. Les processus de paix sont menac\u00e9s, tandis que des millions de personnes souffrent de la violence, de l'expulsion et de l'ins\u00e9curit\u00e9. Dans le cadre de notre campagne 2025, nous avons par exemple soutenu l'accompagnement psychosocial de personnes touch\u00e9es par la violence au Sud-Soudan, des formations pour les ambassadeurs* de la paix au Nigeria ou des villages de la paix en Indon\u00e9sie.<\/p>\n\n\n\n<p>En outre, dans ce num\u00e9ro : notre organisation partenaire bolivienne Fundaci\u00f3n Machaqa Amawta (FMA) visite des \u00e9coles dans des quartiers d\u00e9favoris\u00e9s de La Paz. Les collaborateurs y abordent avec les enfants des th\u00e8mes tels que la violence, les abus et la peur - avec pr\u00e9caution, de mani\u00e8re adapt\u00e9e aux enfants et avec un grand impact.<\/p>\n\n\n\n<p>Le magazine \"begegnen\" est publi\u00e9 par Mission 21.<\/p>\n\n\n\n<p><\/p>\n\n\n\n<p><a href=\"https:\/\/www.mission-21.org\/wp-content\/uploads\/2025\/08\/gzd2_m21_begegnen_3-2025_magazin-2.pdf\" target=\"_blank\" rel=\"noreferrer noopener\">\u25ba T\u00e9l\u00e9charger le PDF<\/a><\/p>\n\n\n\n<p><a href=\"https:\/\/www.yumpu.com\/de\/document\/read\/70732048\/begegnen-3-25\" data-type=\"link\" data-id=\"https:\/\/app.missionspresse.org\/de\/profiles\/1fbeb62bce96\/editions\/0ccc4bade4d6e87ea225\" target=\"_blank\" rel=\"noreferrer noopener\">\u25ba Lire directement dans l'application<\/a><\/p>\n\n\n\n<p>La revue <strong>\"rencontrer\" <\/strong>est le magazine des donateurs* de Mission 21. Il para\u00eet quatre fois par an. Il contient des informations et des histoires sur les projets de Mission 21 et les personnes qui se cachent derri\u00e8re.<\/p>\n\n\n\n<p><\/p>","protected":false},"excerpt":{"rendered":"<p>Dans le num\u00e9ro actuel, il est notamment question de projets d'agriculture durable, afin que les personnes particuli\u00e8rement vuln\u00e9rables puissent se nourrir et nourrir leur famille de mani\u00e8re fiable et responsable, m\u00eame dans les conditions de la crise climatique.<\/p>","protected":false},"author":17,"featured_media":18030,"comment_status":"closed","ping_status":"closed","sticky":false,"template":"","format":"standard","meta":{"_acf_changed":false,"_seopress_robots_primary_cat":"none","_seopress_titles_title":"","_seopress_titles_desc":"","_seopress_robots_index":"","_searchwp_excluded":"","site-sidebar-layout":"default","site-content-layout":"","ast-site-content-layout":"default","site-content-style":"default","site-sidebar-style":"default","ast-global-header-display":"","ast-banner-title-visibility":"","ast-main-header-display":"","ast-hfb-above-header-display":"","ast-hfb-below-header-display":"","ast-hfb-mobile-header-display":"","site-post-title":"","ast-breadcrumbs-content":"","ast-featured-img":"","footer-sml-layout":"","ast-disable-related-posts":"","theme-transparent-header-meta":"","adv-header-id-meta":"","stick-header-meta":"","header-above-stick-meta":"","header-main-stick-meta":"","header-below-stick-meta":"","astra-migrate-meta-layouts":"set","ast-page-background-enabled":"default","ast-page-background-meta":{"desktop":{"background-color":"var(--ast-global-color-4)","background-image":"","background-repeat":"repeat","background-position":"center center","background-size":"auto","background-attachment":"scroll","background-type":"","background-media":"","overlay-type":"","overlay-color":"","overlay-opacity":"","overlay-gradient":""},"tablet":{"background-color":"","background-image":"","background-repeat":"repeat","background-position":"center center","background-size":"auto","background-attachment":"scroll","background-type":"","background-media":"","overlay-type":"","overlay-color":"","overlay-opacity":"","overlay-gradient":""},"mobile":{"background-color":"","background-image":"","background-repeat":"repeat","background-position":"center center","background-size":"auto","background-attachment":"scroll","background-type":"","background-media":"","overlay-type":"","overlay-color":"","overlay-opacity":"","overlay-gradient":""}},"ast-content-background-meta":{"desktop":{"background-color":"var(--ast-global-color-5)","background-image":"","background-repeat":"repeat","background-position":"center center","background-size":"auto","background-attachment":"scroll","background-type":"","background-media":"","overlay-type":"","overlay-color":"","overlay-opacity":"","overlay-gradient":""},"tablet":{"background-color":"var(--ast-global-color-5)","background-image":"","background-repeat":"repeat","background-position":"center center","background-size":"auto","background-attachment":"scroll","background-type":"","background-media":"","overlay-type":"","overlay-color":"","overlay-opacity":"","overlay-gradient":""},"mobile":{"background-color":"var(--ast-global-color-5)","background-image":"","background-repeat":"repeat","background-position":"center center","background-size":"auto","background-attachment":"scroll","background-type":"","background-media":"","overlay-type":"","overlay-color":"","overlay-opacity":"","overlay-gradient":""}},"iawp_total_views":124,"footnotes":""},"categories":[152,225,155,153],"tags":[],"land":[62,64,48,37,54,13],"wirkungsbereich":[10,16,407,480],"class_list":{"0":"post-18022","1":"post","2":"type-post","3":"status-publish","4":"format-standard","5":"has-post-thumbnail","7":"category-aus-den-projekten","8":"category-begegnen","9":"category-menschen","10":"category-netzwerk","11":"land-afrika","12":"land-asien","13":"land-bolivien","14":"land-indonesien","15":"land-nigeria","16":"land-suedsudan","17":"wirkungsbereich-bildung","18":"wirkungsbereich-friedensfoerderung","19":"wirkungsbereich-gendergerechtigkeit","20":"wirkungsbereich-ueberwindung-von-geschlechtsspezifischer-gewalt"},"acf":[],"_links":{"self":[{"href":"https:\/\/www.mission-21.org\/fr\/wp-json\/wp\/v2\/posts\/18022","targetHints":{"allow":["GET"]}}],"collection":[{"href":"https:\/\/www.mission-21.org\/fr\/wp-json\/wp\/v2\/posts"}],"about":[{"href":"https:\/\/www.mission-21.org\/fr\/wp-json\/wp\/v2\/types\/post"}],"author":[{"embeddable":true,"href":"https:\/\/www.mission-21.org\/fr\/wp-json\/wp\/v2\/users\/17"}],"replies":[{"embeddable":true,"href":"https:\/\/www.mission-21.org\/fr\/wp-json\/wp\/v2\/comments?post=18022"}],"version-history":[{"count":2,"href":"https:\/\/www.mission-21.org\/fr\/wp-json\/wp\/v2\/posts\/18022\/revisions"}],"predecessor-version":[{"id":18031,"href":"https:\/\/www.mission-21.org\/fr\/wp-json\/wp\/v2\/posts\/18022\/revisions\/18031"}],"wp:featuredmedia":[{"embeddable":true,"href":"https:\/\/www.mission-21.org\/fr\/wp-json\/wp\/v2\/media\/18030"}],"wp:attachment":[{"href":"https:\/\/www.mission-21.org\/fr\/wp-json\/wp\/v2\/media?parent=18022"}],"wp:term":[{"taxonomy":"category","embeddable":true,"href":"https:\/\/www.mission-21.org\/fr\/wp-json\/wp\/v2\/categories?post=18022"},{"taxonomy":"post_tag","embeddable":true,"href":"https:\/\/www.mission-21.org\/fr\/wp-json\/wp\/v2\/tags?post=18022"},{"taxonomy":"land","embeddable":true,"href":"https:\/\/www.mission-21.org\/fr\/wp-json\/wp\/v2\/land?post=18022"},{"taxonomy":"wirkungsbereich","embeddable":true,"href":"https:\/\/www.mission-21.org\/fr\/wp-json\/wp\/v2\/wirkungsbereich?post=18022"}],"curies":[{"name":"wp","href":"https:\/\/api.w.org\/{rel}","templated":true}]}}