{"id":3517,"date":"2022-03-15T08:29:00","date_gmt":"2022-03-15T07:29:00","guid":{"rendered":"https:\/\/www.mission-21.org\/?p=3517"},"modified":"2023-05-11T18:00:40","modified_gmt":"2023-05-11T16:00:40","slug":"conference-arts-de-la-paix-pour-le-travail-de-paix-interreligieux-2022","status":"publish","type":"post","link":"https:\/\/www.mission-21.org\/fr\/friedenskunst-fachtagung-fuer-interreligioese-friedensarbeit-2022\/","title":{"rendered":"\"L'art de la paix\" - Colloque sur le travail interreligieux pour la paix 2022"},"content":{"rendered":"<p>Depuis pr\u00e8s de trois semaines, la guerre en Ukraine secoue l'Europe. L'attaque russe met en \u00e9vidence le fait que la paix n'est pas un \u00e9tat, mais un processus permanent visant \u00e0 g\u00e9rer les conflits de mani\u00e8re constructive. Des approches pour une r\u00e9solution non-violente des conflits issues du domaine de l'art et de la culture sont pr\u00e9sent\u00e9es dans le cadre du colloque actuel \"L'art de la paix\" de Mission 21. Des sp\u00e9cialistes disposant d'une grande exp\u00e9rience montrent, dans le cadre d'expos\u00e9s et d'ateliers, comment le travail artistique peut \u00eatre utilis\u00e9 pour promouvoir la paix dans des conflits internationaux.<\/p>\n\n\n\n<p>Le colloque aura lieu le vendredi 25 mars 2022, de 9 \u00e0 17 heures, en pr\u00e9sentiel, au Missionshaus \u00e0 B\u00e2le. La connexion via Zoom est possible apr\u00e8s inscription pr\u00e9alable.<\/p>\n\n\n\n<p><a href=\"https:\/\/www.mission-21.org\/fileadmin\/Webseite_Mission_21\/Medienmitteilungen\/2022\/MM_20220315_Mission_21_Fachtagung_Friedensfoerderung_FriedensKunst.pdf\">\u25ba Communiqu\u00e9 de presse (T\u00e9l\u00e9chargement PDF)<\/a><\/p>\n\n\n\n<p><a href=\"https:\/\/www.mission-21.org\/fileadmin\/Webseite_Mission_21\/Medienmitteilungen\/2022\/BAF_Friedenskunst_2022_Programm_ES_cr.pdf\">\u25ba Programme d\u00e9taill\u00e9 du colloque (t\u00e9l\u00e9chargement PDF)<\/a><\/p>","protected":false},"excerpt":{"rendered":"<p>Seit rund drei Wochen ersch\u00fcttert der Krieg in der Ukraine Europa. Der russische Angriff verdeutlicht, dass Frieden kein Zustand ist, sondern ein st\u00e4ndiger Prozess, mit Konflikten konstruktiv umzugehen. Ans\u00e4tze f\u00fcr eine gewaltfreie Konfliktl\u00f6sung aus dem Bereich der Kunst und Kultur pr\u00e4sentiert die aktuelle Fachtagung \u201eFriedensKunst\u201c von Mission 21. Fachpersonen mit grosser Erfahrung zeigen in Referaten [&hellip;]<\/p>\n","protected":false},"author":1,"featured_media":3519,"comment_status":"closed","ping_status":"closed","sticky":false,"template":"","format":"standard","meta":{"_acf_changed":false,"_seopress_robots_primary_cat":"none","_seopress_titles_title":"","_seopress_titles_desc":"","_seopress_robots_index":"","_searchwp_excluded":"","site-sidebar-layout":"default","site-content-layout":"","ast-site-content-layout":"default","site-content-style":"default","site-sidebar-style":"default","ast-global-header-display":"","ast-banner-title-visibility":"","ast-main-header-display":"","ast-hfb-above-header-display":"","ast-hfb-below-header-display":"","ast-hfb-mobile-header-display":"","site-post-title":"","ast-breadcrumbs-content":"","ast-featured-img":"","footer-sml-layout":"","ast-disable-related-posts":"","theme-transparent-header-meta":"","adv-header-id-meta":"","stick-header-meta":"","header-above-stick-meta":"","header-main-stick-meta":"","header-below-stick-meta":"","astra-migrate-meta-layouts":"default","ast-page-background-enabled":"default","ast-page-background-meta":{"desktop":{"background-color":"var(--ast-global-color-4)","background-image":"","background-repeat":"repeat","background-position":"center center","background-size":"auto","background-attachment":"scroll","background-type":"","background-media":"","overlay-type":"","overlay-color":"","overlay-opacity":"","overlay-gradient":""},"tablet":{"background-color":"","background-image":"","background-repeat":"repeat","background-position":"center center","background-size":"auto","background-attachment":"scroll","background-type":"","background-media":"","overlay-type":"","overlay-color":"","overlay-opacity":"","overlay-gradient":""},"mobile":{"background-color":"","background-image":"","background-repeat":"repeat","background-position":"center center","background-size":"auto","background-attachment":"scroll","background-type":"","background-media":"","overlay-type":"","overlay-color":"","overlay-opacity":"","overlay-gradient":""}},"ast-content-background-meta":{"desktop":{"background-color":"var(--ast-global-color-5)","background-image":"","background-repeat":"repeat","background-position":"center center","background-size":"auto","background-attachment":"scroll","background-type":"","background-media":"","overlay-type":"","overlay-color":"","overlay-opacity":"","overlay-gradient":""},"tablet":{"background-color":"var(--ast-global-color-5)","background-image":"","background-repeat":"repeat","background-position":"center center","background-size":"auto","background-attachment":"scroll","background-type":"","background-media":"","overlay-type":"","overlay-color":"","overlay-opacity":"","overlay-gradient":""},"mobile":{"background-color":"var(--ast-global-color-5)","background-image":"","background-repeat":"repeat","background-position":"center center","background-size":"auto","background-attachment":"scroll","background-type":"","background-media":"","overlay-type":"","overlay-color":"","overlay-opacity":"","overlay-gradient":""}},"iawp_total_views":20,"footnotes":""},"categories":[416],"tags":[415],"land":[],"wirkungsbereich":[],"class_list":{"0":"post-3517","1":"post","2":"type-post","3":"status-publish","4":"format-standard","5":"has-post-thumbnail","7":"category-medien","8":"tag-medienmitteilung"},"acf":[],"_links":{"self":[{"href":"https:\/\/www.mission-21.org\/fr\/wp-json\/wp\/v2\/posts\/3517","targetHints":{"allow":["GET"]}}],"collection":[{"href":"https:\/\/www.mission-21.org\/fr\/wp-json\/wp\/v2\/posts"}],"about":[{"href":"https:\/\/www.mission-21.org\/fr\/wp-json\/wp\/v2\/types\/post"}],"author":[{"embeddable":true,"href":"https:\/\/www.mission-21.org\/fr\/wp-json\/wp\/v2\/users\/1"}],"replies":[{"embeddable":true,"href":"https:\/\/www.mission-21.org\/fr\/wp-json\/wp\/v2\/comments?post=3517"}],"version-history":[{"count":1,"href":"https:\/\/www.mission-21.org\/fr\/wp-json\/wp\/v2\/posts\/3517\/revisions"}],"predecessor-version":[{"id":3521,"href":"https:\/\/www.mission-21.org\/fr\/wp-json\/wp\/v2\/posts\/3517\/revisions\/3521"}],"wp:featuredmedia":[{"embeddable":true,"href":"https:\/\/www.mission-21.org\/fr\/wp-json\/wp\/v2\/media\/3519"}],"wp:attachment":[{"href":"https:\/\/www.mission-21.org\/fr\/wp-json\/wp\/v2\/media?parent=3517"}],"wp:term":[{"taxonomy":"category","embeddable":true,"href":"https:\/\/www.mission-21.org\/fr\/wp-json\/wp\/v2\/categories?post=3517"},{"taxonomy":"post_tag","embeddable":true,"href":"https:\/\/www.mission-21.org\/fr\/wp-json\/wp\/v2\/tags?post=3517"},{"taxonomy":"land","embeddable":true,"href":"https:\/\/www.mission-21.org\/fr\/wp-json\/wp\/v2\/land?post=3517"},{"taxonomy":"wirkungsbereich","embeddable":true,"href":"https:\/\/www.mission-21.org\/fr\/wp-json\/wp\/v2\/wirkungsbereich?post=3517"}],"curies":[{"name":"wp","href":"https:\/\/api.w.org\/{rel}","templated":true}]}}