{"id":3526,"date":"2021-05-06T08:38:00","date_gmt":"2021-05-06T06:38:00","guid":{"rendered":"https:\/\/www.mission-21.org\/?p=3526"},"modified":"2023-05-11T18:03:25","modified_gmt":"2023-05-11T16:03:25","slug":"youth-summit-2021-digital-yes-we-care-sommet-de-la-jeunesse-2021","status":"publish","type":"post","link":"https:\/\/www.mission-21.org\/fr\/youth-summit-2021-digital-yes-we-care\/","title":{"rendered":"Sommet de la jeunesse 2021 num\u00e9rique : \"Yes, we care !\""},"content":{"rendered":"<p>Les jeunes sont durement touch\u00e9s par la pand\u00e9mie. C'est pourquoi young@mission21, le r\u00e9seau pour jeunes adultes de Mission 21, propose une plateforme d'\u00e9change num\u00e9rique sous le slogan \"Yes, we care\" le 5 juin 2021. Comment les jeunes peuvent-ils prendre soin d'eux-m\u00eames, mentalement et physiquement, au milieu de la pand\u00e9mie et au-del\u00e0 ? C'est sur ce th\u00e8me que les jeunes adultes de Suisse et des pays partenaires de Mission 21 pourront discuter lors du Sommet num\u00e9rique de la jeunesse 2021, \u00e9changer dans le cadre d'ateliers et b\u00e9n\u00e9ficier d'apports techniques. Les ateliers seront dirig\u00e9s par des sp\u00e9cialistes exp\u00e9riment\u00e9s.<\/p>\n\n\n\n<p><a href=\"https:\/\/www.mission-21.org\/fileadmin\/Webseite_Mission_21\/Medienmitteilungen\/2021\/Medienmitteilung_20210506_Mission_21_Youth_Summit_Yes-we-care.pdf\">\u25ba Communiqu\u00e9 de presse (T\u00e9l\u00e9chargement PDF)<\/a><\/p>\n\n\n\n<p><a href=\"https:\/\/www.mission-21.org\/fr\/ce-que-nous-faisons\/evenements\/detail\/sommet-de-la-jeunesse-2021\/\" target=\"_blank\" rel=\"noreferrer noopener\">\u25ba Infos sur la manifestation avec lien d'inscription<\/a><\/p>","protected":false},"excerpt":{"rendered":"<p>Junge Menschen trifft die Pandemie hart. Darum bietet young@mission21, das Netzwerk f\u00fcr junge Erwachsene von Mission 21, unter dem Slogan \u201eYes, we care\u201c am 5. Juni 2021 eine digitale Austauschplattform. Wie k\u00f6nnen junge Menschen seelische und k\u00f6rperliche Selbstf\u00fcrsorge inmitten der Pandemie und dar\u00fcber hinaus bewahren? Zu diesem Thema k\u00f6nnen am digitalen Youth Summit 2021 junge [&hellip;]<\/p>\n","protected":false},"author":1,"featured_media":4954,"comment_status":"closed","ping_status":"closed","sticky":false,"template":"","format":"standard","meta":{"_acf_changed":false,"_seopress_robots_primary_cat":"none","_seopress_titles_title":"","_seopress_titles_desc":"","_seopress_robots_index":"","_searchwp_excluded":"","site-sidebar-layout":"default","site-content-layout":"","ast-site-content-layout":"default","site-content-style":"default","site-sidebar-style":"default","ast-global-header-display":"","ast-banner-title-visibility":"","ast-main-header-display":"","ast-hfb-above-header-display":"","ast-hfb-below-header-display":"","ast-hfb-mobile-header-display":"","site-post-title":"","ast-breadcrumbs-content":"","ast-featured-img":"","footer-sml-layout":"","ast-disable-related-posts":"","theme-transparent-header-meta":"","adv-header-id-meta":"","stick-header-meta":"","header-above-stick-meta":"","header-main-stick-meta":"","header-below-stick-meta":"","astra-migrate-meta-layouts":"default","ast-page-background-enabled":"default","ast-page-background-meta":{"desktop":{"background-color":"var(--ast-global-color-4)","background-image":"","background-repeat":"repeat","background-position":"center center","background-size":"auto","background-attachment":"scroll","background-type":"","background-media":"","overlay-type":"","overlay-color":"","overlay-opacity":"","overlay-gradient":""},"tablet":{"background-color":"","background-image":"","background-repeat":"repeat","background-position":"center center","background-size":"auto","background-attachment":"scroll","background-type":"","background-media":"","overlay-type":"","overlay-color":"","overlay-opacity":"","overlay-gradient":""},"mobile":{"background-color":"","background-image":"","background-repeat":"repeat","background-position":"center center","background-size":"auto","background-attachment":"scroll","background-type":"","background-media":"","overlay-type":"","overlay-color":"","overlay-opacity":"","overlay-gradient":""}},"ast-content-background-meta":{"desktop":{"background-color":"var(--ast-global-color-5)","background-image":"","background-repeat":"repeat","background-position":"center center","background-size":"auto","background-attachment":"scroll","background-type":"","background-media":"","overlay-type":"","overlay-color":"","overlay-opacity":"","overlay-gradient":""},"tablet":{"background-color":"var(--ast-global-color-5)","background-image":"","background-repeat":"repeat","background-position":"center center","background-size":"auto","background-attachment":"scroll","background-type":"","background-media":"","overlay-type":"","overlay-color":"","overlay-opacity":"","overlay-gradient":""},"mobile":{"background-color":"var(--ast-global-color-5)","background-image":"","background-repeat":"repeat","background-position":"center center","background-size":"auto","background-attachment":"scroll","background-type":"","background-media":"","overlay-type":"","overlay-color":"","overlay-opacity":"","overlay-gradient":""}},"iawp_total_views":24,"footnotes":""},"categories":[416],"tags":[417,415],"land":[],"wirkungsbereich":[],"class_list":{"0":"post-3526","1":"post","2":"type-post","3":"status-publish","4":"format-standard","5":"has-post-thumbnail","7":"category-medien","8":"tag-medienberichte","9":"tag-medienmitteilung"},"acf":[],"_links":{"self":[{"href":"https:\/\/www.mission-21.org\/fr\/wp-json\/wp\/v2\/posts\/3526","targetHints":{"allow":["GET"]}}],"collection":[{"href":"https:\/\/www.mission-21.org\/fr\/wp-json\/wp\/v2\/posts"}],"about":[{"href":"https:\/\/www.mission-21.org\/fr\/wp-json\/wp\/v2\/types\/post"}],"author":[{"embeddable":true,"href":"https:\/\/www.mission-21.org\/fr\/wp-json\/wp\/v2\/users\/1"}],"replies":[{"embeddable":true,"href":"https:\/\/www.mission-21.org\/fr\/wp-json\/wp\/v2\/comments?post=3526"}],"version-history":[{"count":1,"href":"https:\/\/www.mission-21.org\/fr\/wp-json\/wp\/v2\/posts\/3526\/revisions"}],"predecessor-version":[{"id":3528,"href":"https:\/\/www.mission-21.org\/fr\/wp-json\/wp\/v2\/posts\/3526\/revisions\/3528"}],"wp:featuredmedia":[{"embeddable":true,"href":"https:\/\/www.mission-21.org\/fr\/wp-json\/wp\/v2\/media\/4954"}],"wp:attachment":[{"href":"https:\/\/www.mission-21.org\/fr\/wp-json\/wp\/v2\/media?parent=3526"}],"wp:term":[{"taxonomy":"category","embeddable":true,"href":"https:\/\/www.mission-21.org\/fr\/wp-json\/wp\/v2\/categories?post=3526"},{"taxonomy":"post_tag","embeddable":true,"href":"https:\/\/www.mission-21.org\/fr\/wp-json\/wp\/v2\/tags?post=3526"},{"taxonomy":"land","embeddable":true,"href":"https:\/\/www.mission-21.org\/fr\/wp-json\/wp\/v2\/land?post=3526"},{"taxonomy":"wirkungsbereich","embeddable":true,"href":"https:\/\/www.mission-21.org\/fr\/wp-json\/wp\/v2\/wirkungsbereich?post=3526"}],"curies":[{"name":"wp","href":"https:\/\/api.w.org\/{rel}","templated":true}]}}