{"id":4349,"date":"2018-06-19T00:00:00","date_gmt":"2018-06-18T22:00:00","guid":{"rendered":"https:\/\/www.mission-21.org\/gipfeltreffen-der-jugend\/"},"modified":"2023-05-11T17:35:50","modified_gmt":"2023-05-11T15:35:50","slug":"sommet-de-la-jeunesse","status":"publish","type":"post","link":"https:\/\/www.mission-21.org\/fr\/gipfeltreffen-der-jugend\/","title":{"rendered":"Sommet de la jeunesse"},"content":{"rendered":"<p>Des ambassadeurs de la jeunesse du monde entier ainsi que des jeunes adultes int\u00e9ress\u00e9s de Suisse se sont r\u00e9unis le samedi 16 juin pour le Sommet international de la jeunesse de <a href=\"\/fr\/youngmission21\/\">young@mission21 <\/a>ont \u00e9t\u00e9 organis\u00e9s. Les th\u00e8mes de la migration et de la fuite ont \u00e9t\u00e9 abord\u00e9s dans cinq ateliers diff\u00e9rents, anim\u00e9s par des b\u00e9n\u00e9voles et des sp\u00e9cialistes locaux et internationaux. Ensuite, dans le cadre du festival de la jeunesse d'Aarau, une conf\u00e9rence a \u00e9t\u00e9 organis\u00e9e. <em>variaction<\/em> sur l'Aar, une action de solidarit\u00e9 a \u00e9t\u00e9 organis\u00e9e. Les participants au programme Message Jeunesse ont d'abord \u00e9voqu\u00e9 les points chauds de leur pays. Ensuite, des souhaits et des pens\u00e9es personnels ont \u00e9t\u00e9 lanc\u00e9s dans le ciel au moyen de bulles de savon. Pendant les ateliers, la pause et le repas en commun, les \u00e9changes entre les jeunes ambassadeurs et les participants suisses se sont poursuivis.<\/p>\n<p><em>Texte : Kevin Ischi, Mission 21<\/em><\/p>\n<p><a href=\"\/fileadmin\/Webseite_Mission_21\/News\/News_2018\/Ensemble-refbejuso_Artikel_Youth-Summit_2018.pdf\" target=\"_blank\" rel=\"noopener\">\u25ba Rapport sur le Youth Summit 2018 dans \"Ensemble<\/a><\/p>\n<p><!-- Link Back --><\/p>\n<div class=\"news-backlink-wrap\"><a href=\"\/fr\/informer\/news\/\"><strong><\/p>\n<p>\t\t\t\t\t\t\t\t\t\t\t\tToutes les actualit\u00e9s<\/p>\n<p>\t\t\t\t\t\t\t\t\t<\/strong><\/a><\/div>","protected":false},"excerpt":{"rendered":"<p>Des ambassadeurs et ambassadrices de jeunesse du monde entier ainsi que des jeunes adultes int\u00e9ress\u00e9s de Suisse se sont r\u00e9unis le samedi 16 juin pour le Youth Summit international de young@mission21. Les th\u00e8mes de la migration et de la fuite ont \u00e9t\u00e9 abord\u00e9s dans cinq ateliers diff\u00e9rents, anim\u00e9s par des b\u00e9n\u00e9voles et des sp\u00e9cialistes locaux et internationaux. Une action de solidarit\u00e9 a ensuite eu lieu dans le cadre du festival de la jeunesse d'Aarau variaktion an der Aare. Les participants au programme Message Jeunesse ont d'abord parl\u00e9 des points chauds de leur pays. Ensuite, des souhaits et des pens\u00e9es personnels ont \u00e9t\u00e9 port\u00e9s dans le ciel au moyen de bulles de savon. Pendant les ateliers, la pause et le repas en commun, les \u00e9changes entre les jeunes ambassadeurs et les participants suisses se sont poursuivis.<\/p>","protected":false},"author":1,"featured_media":4350,"comment_status":"closed","ping_status":"closed","sticky":false,"template":"","format":"standard","meta":{"_acf_changed":false,"_seopress_robots_primary_cat":"","_seopress_titles_title":"","_seopress_titles_desc":"","_seopress_robots_index":"","_searchwp_excluded":"","site-sidebar-layout":"default","site-content-layout":"","ast-site-content-layout":"default","site-content-style":"default","site-sidebar-style":"default","ast-global-header-display":"","ast-banner-title-visibility":"","ast-main-header-display":"","ast-hfb-above-header-display":"","ast-hfb-below-header-display":"","ast-hfb-mobile-header-display":"","site-post-title":"","ast-breadcrumbs-content":"","ast-featured-img":"","footer-sml-layout":"","ast-disable-related-posts":"","theme-transparent-header-meta":"","adv-header-id-meta":"","stick-header-meta":"","header-above-stick-meta":"","header-main-stick-meta":"","header-below-stick-meta":"","astra-migrate-meta-layouts":"default","ast-page-background-enabled":"default","ast-page-background-meta":{"desktop":{"background-color":"var(--ast-global-color-4)","background-image":"","background-repeat":"repeat","background-position":"center center","background-size":"auto","background-attachment":"scroll","background-type":"","background-media":"","overlay-type":"","overlay-color":"","overlay-opacity":"","overlay-gradient":""},"tablet":{"background-color":"","background-image":"","background-repeat":"repeat","background-position":"center center","background-size":"auto","background-attachment":"scroll","background-type":"","background-media":"","overlay-type":"","overlay-color":"","overlay-opacity":"","overlay-gradient":""},"mobile":{"background-color":"","background-image":"","background-repeat":"repeat","background-position":"center center","background-size":"auto","background-attachment":"scroll","background-type":"","background-media":"","overlay-type":"","overlay-color":"","overlay-opacity":"","overlay-gradient":""}},"ast-content-background-meta":{"desktop":{"background-color":"var(--ast-global-color-5)","background-image":"","background-repeat":"repeat","background-position":"center center","background-size":"auto","background-attachment":"scroll","background-type":"","background-media":"","overlay-type":"","overlay-color":"","overlay-opacity":"","overlay-gradient":""},"tablet":{"background-color":"var(--ast-global-color-5)","background-image":"","background-repeat":"repeat","background-position":"center center","background-size":"auto","background-attachment":"scroll","background-type":"","background-media":"","overlay-type":"","overlay-color":"","overlay-opacity":"","overlay-gradient":""},"mobile":{"background-color":"var(--ast-global-color-5)","background-image":"","background-repeat":"repeat","background-position":"center center","background-size":"auto","background-attachment":"scroll","background-type":"","background-media":"","overlay-type":"","overlay-color":"","overlay-opacity":"","overlay-gradient":""}},"iawp_total_views":17,"footnotes":""},"categories":[286,153,157],"tags":[276],"land":[],"wirkungsbereich":[],"class_list":{"0":"post-4349","1":"post","2":"type-post","3":"status-publish","4":"format-standard","5":"has-post-thumbnail","7":"category-forschungsarchiv","8":"category-netzwerk","9":"category-youngmission21","10":"tag-missionssynode-2018"},"acf":[],"_links":{"self":[{"href":"https:\/\/www.mission-21.org\/fr\/wp-json\/wp\/v2\/posts\/4349","targetHints":{"allow":["GET"]}}],"collection":[{"href":"https:\/\/www.mission-21.org\/fr\/wp-json\/wp\/v2\/posts"}],"about":[{"href":"https:\/\/www.mission-21.org\/fr\/wp-json\/wp\/v2\/types\/post"}],"author":[{"embeddable":true,"href":"https:\/\/www.mission-21.org\/fr\/wp-json\/wp\/v2\/users\/1"}],"replies":[{"embeddable":true,"href":"https:\/\/www.mission-21.org\/fr\/wp-json\/wp\/v2\/comments?post=4349"}],"version-history":[{"count":1,"href":"https:\/\/www.mission-21.org\/fr\/wp-json\/wp\/v2\/posts\/4349\/revisions"}],"predecessor-version":[{"id":4458,"href":"https:\/\/www.mission-21.org\/fr\/wp-json\/wp\/v2\/posts\/4349\/revisions\/4458"}],"wp:featuredmedia":[{"embeddable":true,"href":"https:\/\/www.mission-21.org\/fr\/wp-json\/wp\/v2\/media\/4350"}],"wp:attachment":[{"href":"https:\/\/www.mission-21.org\/fr\/wp-json\/wp\/v2\/media?parent=4349"}],"wp:term":[{"taxonomy":"category","embeddable":true,"href":"https:\/\/www.mission-21.org\/fr\/wp-json\/wp\/v2\/categories?post=4349"},{"taxonomy":"post_tag","embeddable":true,"href":"https:\/\/www.mission-21.org\/fr\/wp-json\/wp\/v2\/tags?post=4349"},{"taxonomy":"land","embeddable":true,"href":"https:\/\/www.mission-21.org\/fr\/wp-json\/wp\/v2\/land?post=4349"},{"taxonomy":"wirkungsbereich","embeddable":true,"href":"https:\/\/www.mission-21.org\/fr\/wp-json\/wp\/v2\/wirkungsbereich?post=4349"}],"curies":[{"name":"wp","href":"https:\/\/api.w.org\/{rel}","templated":true}]}}