{"id":4394,"date":"2018-02-28T00:00:00","date_gmt":"2018-02-27T23:00:00","guid":{"rendered":"https:\/\/www.mission-21.org\/nigeria-muslime-und-christen-geben-sich-wieder-die-hand\/"},"modified":"2026-01-13T11:07:13","modified_gmt":"2026-01-13T10:07:13","slug":"nigeria-musulmans-et-chretiens-se-redonnent-la-main","status":"publish","type":"post","link":"https:\/\/www.mission-21.org\/fr\/nigeria-muslime-und-christen-geben-sich-wieder-die-hand\/","title":{"rendered":"Nigeria : Musulmans et chr\u00e9tiens se donnent \u00e0 nouveau la main"},"content":{"rendered":"<p>La milice islamiste \"Boko Haram\" terrorise la population du Nigeria. Des villages sont d\u00e9vast\u00e9s, beaucoup ont vu des membres de leur famille assassin\u00e9s. La milice terroriste attise d\u00e9lib\u00e9r\u00e9ment la haine et la m\u00e9fiance en s'attaquant aux membres des deux religions, brisant ainsi la coh\u00e9sion de la population.<\/p>\n<p>Est-il possible de r\u00e9tablir la paix entre chr\u00e9tiens et musulmans et de la renforcer contre le terrorisme ? La r\u00e9ponse est oui. Gr\u00e2ce \u00e0 des dons, le village de la paix \"Gurku\" a \u00e9t\u00e9 fond\u00e9 dans une r\u00e9gion s\u00fbre du Nigeria. C'est l\u00e0 que les victimes des deux communaut\u00e9s religieuses assimilent les exp\u00e9riences cruelles qu'elles ont v\u00e9cues. En outre, chr\u00e9tiens et musulmans apprennent de nouvelles choses dans des cours communs, par exemple comment r\u00e9colter suffisamment de l\u00e9gumes malgr\u00e9 la s\u00e9cheresse. Une chr\u00e9tienne et une musulmane ont r\u00e9cemment ouvert ensemble un magasin de l\u00e9gumes \u00e0 Gurku.<\/p>\n<p>Les gens apprennent les uns des autres, ils se respectent et se tendent \u00e0 nouveau la main. Ils vivent \u00e0 nouveau en paix. Et ils s\u00e8ment la paix. Nous voulons ouvrir la voie \u00e0 une cohabitation pacifique entre chr\u00e9tiens et musulmans au Nigeria. Avec vous et nos b\u00e9n\u00e9voles sur place, nous pouvons y parvenir.<\/p>\n<p><a href=\"https:\/\/www.mission-21.org\/fr\/ce-que-nous-faisons\/projets-et-partenaires\/travail-de-paix-interreligieux-au-nigeria\/\" target=\"_self\" rel=\"noopener\">\u25ba Soutenez notre travail pour la paix dans le monde. Merci de tout c\u0153ur !<\/a><\/p>\n<p><a href=\"\/fileadmin\/Webseite_Mission_21\/Fundraising_Flyer\/Flyer_Nigeria_Nov17.pdf\">\u25ba D\u00e9pliant sur le projet<\/a><\/p>\n<p><!-- Link Back --><\/p>\n<div class=\"news-backlink-wrap\">\n<p>Toutes les actualit\u00e9s<\/p>\n<\/div>","protected":false},"excerpt":{"rendered":"<p>Les forces extr\u00e9mistes au Nigeria divisent les chr\u00e9tiens et les musulmans. Les deux communaut\u00e9s religieuses sont terroris\u00e9es par Boko Haram. Le travail de paix de nos partenaires sur place est donc de la plus grande n\u00e9cessit\u00e9.<\/p>","protected":false},"author":1,"featured_media":4395,"comment_status":"closed","ping_status":"closed","sticky":false,"template":"","format":"standard","meta":{"_acf_changed":false,"_seopress_robots_primary_cat":"none","_seopress_titles_title":"","_seopress_titles_desc":"","_seopress_robots_index":"","_searchwp_excluded":"","site-sidebar-layout":"default","site-content-layout":"","ast-site-content-layout":"default","site-content-style":"default","site-sidebar-style":"default","ast-global-header-display":"","ast-banner-title-visibility":"","ast-main-header-display":"","ast-hfb-above-header-display":"","ast-hfb-below-header-display":"","ast-hfb-mobile-header-display":"","site-post-title":"","ast-breadcrumbs-content":"","ast-featured-img":"","footer-sml-layout":"","ast-disable-related-posts":"","theme-transparent-header-meta":"","adv-header-id-meta":"","stick-header-meta":"","header-above-stick-meta":"","header-main-stick-meta":"","header-below-stick-meta":"","astra-migrate-meta-layouts":"set","ast-page-background-enabled":"default","ast-page-background-meta":{"desktop":{"background-color":"var(--ast-global-color-4)","background-image":"","background-repeat":"repeat","background-position":"center center","background-size":"auto","background-attachment":"scroll","background-type":"","background-media":"","overlay-type":"","overlay-color":"","overlay-opacity":"","overlay-gradient":""},"tablet":{"background-color":"","background-image":"","background-repeat":"repeat","background-position":"center center","background-size":"auto","background-attachment":"scroll","background-type":"","background-media":"","overlay-type":"","overlay-color":"","overlay-opacity":"","overlay-gradient":""},"mobile":{"background-color":"","background-image":"","background-repeat":"repeat","background-position":"center center","background-size":"auto","background-attachment":"scroll","background-type":"","background-media":"","overlay-type":"","overlay-color":"","overlay-opacity":"","overlay-gradient":""}},"ast-content-background-meta":{"desktop":{"background-color":"var(--ast-global-color-5)","background-image":"","background-repeat":"repeat","background-position":"center center","background-size":"auto","background-attachment":"scroll","background-type":"","background-media":"","overlay-type":"","overlay-color":"","overlay-opacity":"","overlay-gradient":""},"tablet":{"background-color":"var(--ast-global-color-5)","background-image":"","background-repeat":"repeat","background-position":"center center","background-size":"auto","background-attachment":"scroll","background-type":"","background-media":"","overlay-type":"","overlay-color":"","overlay-opacity":"","overlay-gradient":""},"mobile":{"background-color":"var(--ast-global-color-5)","background-image":"","background-repeat":"repeat","background-position":"center center","background-size":"auto","background-attachment":"scroll","background-type":"","background-media":"","overlay-type":"","overlay-color":"","overlay-opacity":"","overlay-gradient":""}},"iawp_total_views":140,"footnotes":""},"categories":[152,286],"tags":[],"land":[64],"wirkungsbereich":[16],"class_list":{"0":"post-4394","1":"post","2":"type-post","3":"status-publish","4":"format-standard","5":"has-post-thumbnail","7":"category-aus-den-projekten","8":"category-forschungsarchiv","9":"land-asien","10":"wirkungsbereich-friedensfoerderung"},"acf":[],"_links":{"self":[{"href":"https:\/\/www.mission-21.org\/fr\/wp-json\/wp\/v2\/posts\/4394","targetHints":{"allow":["GET"]}}],"collection":[{"href":"https:\/\/www.mission-21.org\/fr\/wp-json\/wp\/v2\/posts"}],"about":[{"href":"https:\/\/www.mission-21.org\/fr\/wp-json\/wp\/v2\/types\/post"}],"author":[{"embeddable":true,"href":"https:\/\/www.mission-21.org\/fr\/wp-json\/wp\/v2\/users\/1"}],"replies":[{"embeddable":true,"href":"https:\/\/www.mission-21.org\/fr\/wp-json\/wp\/v2\/comments?post=4394"}],"version-history":[{"count":2,"href":"https:\/\/www.mission-21.org\/fr\/wp-json\/wp\/v2\/posts\/4394\/revisions"}],"predecessor-version":[{"id":19589,"href":"https:\/\/www.mission-21.org\/fr\/wp-json\/wp\/v2\/posts\/4394\/revisions\/19589"}],"wp:featuredmedia":[{"embeddable":true,"href":"https:\/\/www.mission-21.org\/fr\/wp-json\/wp\/v2\/media\/4395"}],"wp:attachment":[{"href":"https:\/\/www.mission-21.org\/fr\/wp-json\/wp\/v2\/media?parent=4394"}],"wp:term":[{"taxonomy":"category","embeddable":true,"href":"https:\/\/www.mission-21.org\/fr\/wp-json\/wp\/v2\/categories?post=4394"},{"taxonomy":"post_tag","embeddable":true,"href":"https:\/\/www.mission-21.org\/fr\/wp-json\/wp\/v2\/tags?post=4394"},{"taxonomy":"land","embeddable":true,"href":"https:\/\/www.mission-21.org\/fr\/wp-json\/wp\/v2\/land?post=4394"},{"taxonomy":"wirkungsbereich","embeddable":true,"href":"https:\/\/www.mission-21.org\/fr\/wp-json\/wp\/v2\/wirkungsbereich?post=4394"}],"curies":[{"name":"wp","href":"https:\/\/api.w.org\/{rel}","templated":true}]}}