{"id":4396,"date":"2018-02-27T00:00:00","date_gmt":"2018-02-26T23:00:00","guid":{"rendered":"https:\/\/www.mission-21.org\/berner-werktag-2018\/"},"modified":"2023-05-11T17:45:03","modified_gmt":"2023-05-11T15:45:03","slug":"journee-bernoise-de-lusine-2018","status":"publish","type":"post","link":"https:\/\/www.mission-21.org\/fr\/berner-werktag-2018\/","title":{"rendered":"Jour ouvrable bernois 2018"},"content":{"rendered":"<p>La journ\u00e9e bernoise des bazars d'\u00e9glise a f\u00eat\u00e9 cette ann\u00e9e ses 30 ans d'existence. La journ\u00e9e a \u00e9t\u00e9 organis\u00e9e en collaboration avec l'Eglise r\u00e9form\u00e9e Berne-Jura-Soleure. Au d\u00e9but de la journ\u00e9e, Christian Weber, directeur d'\u00e9tudes de Mission 21, a expliqu\u00e9 dans un expos\u00e9 comment le travail des bazars a \u00e9t\u00e9 initialement mis au service de la mission et de ses projets. Il s'est \u00e9galement pench\u00e9 sur la notion de mission et sur ce que peut signifier la mission aujourd'hui.<\/p>\n<p>Les journ\u00e9es de travail annuelles pour les bazars d'\u00e9glise ont pour but de transmettre des impulsions et des suggestions vari\u00e9es en th\u00e9orie et en pratique pour le travail de bazar dans les paroisses.<\/p>\n<p>Lors de la Berner Werktag, 45 femmes ont r\u00e9alis\u00e9 de nouveaux travaux artisanaux pendant toute une journ\u00e9e dans cinq cours diff\u00e9rents. Outre des arrangements floraux, des cartes ont \u00e9t\u00e9 confectionn\u00e9es, des sacs cousus ensemble, des guirlandes lumineuses feutr\u00e9es et des emballages simples pli\u00e9s et coll\u00e9s.<\/p>\n<p>Tant de mains travailleuses, des discussions int\u00e9ressantes et surtout de belles r\u00e9alisations artisanales ont fait de cette journ\u00e9e un succ\u00e8s total.<\/p>\n<p>Un grand merci \u00e0 tous les participants !<\/p>\n<p><!-- Link Back --><\/p>\n<div class=\"news-backlink-wrap\"><a href=\"\/fr\/informer\/news\/\"><strong><\/p>\n<p>\t\t\t\t\t\t\t\t\t\t\t\tToutes les actualit\u00e9s<\/p>\n<p>\t\t\t\t\t\t\t\t\t<\/strong><\/a><\/div>","protected":false},"excerpt":{"rendered":"<p>La journ\u00e9e de travail bernoise pour les bazars d'\u00e9glise a eu lieu cette ann\u00e9e pour la 30e fois. De nombreuses femmes engag\u00e9es font toujours de cette journ\u00e9e une plateforme d'\u00e9change int\u00e9ressante.<\/p>","protected":false},"author":1,"featured_media":4397,"comment_status":"closed","ping_status":"closed","sticky":false,"template":"","format":"standard","meta":{"_acf_changed":false,"_seopress_robots_primary_cat":"","_seopress_titles_title":"","_seopress_titles_desc":"","_seopress_robots_index":"","_searchwp_excluded":"","site-sidebar-layout":"default","site-content-layout":"","ast-site-content-layout":"default","site-content-style":"default","site-sidebar-style":"default","ast-global-header-display":"","ast-banner-title-visibility":"","ast-main-header-display":"","ast-hfb-above-header-display":"","ast-hfb-below-header-display":"","ast-hfb-mobile-header-display":"","site-post-title":"","ast-breadcrumbs-content":"","ast-featured-img":"","footer-sml-layout":"","ast-disable-related-posts":"","theme-transparent-header-meta":"","adv-header-id-meta":"","stick-header-meta":"","header-above-stick-meta":"","header-main-stick-meta":"","header-below-stick-meta":"","astra-migrate-meta-layouts":"default","ast-page-background-enabled":"default","ast-page-background-meta":{"desktop":{"background-color":"var(--ast-global-color-4)","background-image":"","background-repeat":"repeat","background-position":"center center","background-size":"auto","background-attachment":"scroll","background-type":"","background-media":"","overlay-type":"","overlay-color":"","overlay-opacity":"","overlay-gradient":""},"tablet":{"background-color":"","background-image":"","background-repeat":"repeat","background-position":"center center","background-size":"auto","background-attachment":"scroll","background-type":"","background-media":"","overlay-type":"","overlay-color":"","overlay-opacity":"","overlay-gradient":""},"mobile":{"background-color":"","background-image":"","background-repeat":"repeat","background-position":"center center","background-size":"auto","background-attachment":"scroll","background-type":"","background-media":"","overlay-type":"","overlay-color":"","overlay-opacity":"","overlay-gradient":""}},"ast-content-background-meta":{"desktop":{"background-color":"var(--ast-global-color-5)","background-image":"","background-repeat":"repeat","background-position":"center center","background-size":"auto","background-attachment":"scroll","background-type":"","background-media":"","overlay-type":"","overlay-color":"","overlay-opacity":"","overlay-gradient":""},"tablet":{"background-color":"var(--ast-global-color-5)","background-image":"","background-repeat":"repeat","background-position":"center center","background-size":"auto","background-attachment":"scroll","background-type":"","background-media":"","overlay-type":"","overlay-color":"","overlay-opacity":"","overlay-gradient":""},"mobile":{"background-color":"var(--ast-global-color-5)","background-image":"","background-repeat":"repeat","background-position":"center center","background-size":"auto","background-attachment":"scroll","background-type":"","background-media":"","overlay-type":"","overlay-color":"","overlay-opacity":"","overlay-gradient":""}},"iawp_total_views":21,"footnotes":""},"categories":[412,286,153],"tags":[],"land":[34],"wirkungsbereich":[],"class_list":{"0":"post-4396","1":"post","2":"type-post","3":"status-publish","4":"format-standard","5":"has-post-thumbnail","7":"category-events","8":"category-forschungsarchiv","9":"category-netzwerk","10":"land-schweiz"},"acf":[],"_links":{"self":[{"href":"https:\/\/www.mission-21.org\/fr\/wp-json\/wp\/v2\/posts\/4396","targetHints":{"allow":["GET"]}}],"collection":[{"href":"https:\/\/www.mission-21.org\/fr\/wp-json\/wp\/v2\/posts"}],"about":[{"href":"https:\/\/www.mission-21.org\/fr\/wp-json\/wp\/v2\/types\/post"}],"author":[{"embeddable":true,"href":"https:\/\/www.mission-21.org\/fr\/wp-json\/wp\/v2\/users\/1"}],"replies":[{"embeddable":true,"href":"https:\/\/www.mission-21.org\/fr\/wp-json\/wp\/v2\/comments?post=4396"}],"version-history":[{"count":1,"href":"https:\/\/www.mission-21.org\/fr\/wp-json\/wp\/v2\/posts\/4396\/revisions"}],"predecessor-version":[{"id":4506,"href":"https:\/\/www.mission-21.org\/fr\/wp-json\/wp\/v2\/posts\/4396\/revisions\/4506"}],"wp:featuredmedia":[{"embeddable":true,"href":"https:\/\/www.mission-21.org\/fr\/wp-json\/wp\/v2\/media\/4397"}],"wp:attachment":[{"href":"https:\/\/www.mission-21.org\/fr\/wp-json\/wp\/v2\/media?parent=4396"}],"wp:term":[{"taxonomy":"category","embeddable":true,"href":"https:\/\/www.mission-21.org\/fr\/wp-json\/wp\/v2\/categories?post=4396"},{"taxonomy":"post_tag","embeddable":true,"href":"https:\/\/www.mission-21.org\/fr\/wp-json\/wp\/v2\/tags?post=4396"},{"taxonomy":"land","embeddable":true,"href":"https:\/\/www.mission-21.org\/fr\/wp-json\/wp\/v2\/land?post=4396"},{"taxonomy":"wirkungsbereich","embeddable":true,"href":"https:\/\/www.mission-21.org\/fr\/wp-json\/wp\/v2\/wirkungsbereich?post=4396"}],"curies":[{"name":"wp","href":"https:\/\/api.w.org\/{rel}","templated":true}]}}