{"id":4408,"date":"2018-02-28T00:00:00","date_gmt":"2018-02-27T23:00:00","guid":{"rendered":"https:\/\/www.mission-21.org\/reformator-innen-von-heute-zum-beispiel-in-birsfelden\/"},"modified":"2023-05-16T17:34:37","modified_gmt":"2023-05-16T15:34:37","slug":"reformateurs-daujourdhui-pour-lexemple-a-birsfelden","status":"publish","type":"post","link":"https:\/\/www.mission-21.org\/fr\/reformator-innen-von-heute-zum-beispiel-in-birsfelden\/","title":{"rendered":"\"R\u00e9formateurs\/trices d'aujourd'hui\" - par exemple \u00e0 Birsfelden"},"content":{"rendered":"<p>Il y a 500 ans, des personnes courageuses ont lutt\u00e9 avec succ\u00e8s contre l'inertie de l'habitude et l'usure de la tradition. Mais aujourd'hui encore, il y a des personnes dans le monde entier qui s'engagent pour le changement. En Tanzanie, par exemple, c'est Bahati Mshani qui s'engage pour les nombreux orphelins de son pays et qui, gr\u00e2ce \u00e0 son engagement, constate que dans la zone d'influence de son \u00e9glise, un nombre nettement plus important de gar\u00e7ons et de filles re\u00e7oivent une \u00e9ducation scolaire.<\/p>\n<h4>On recherche des r\u00e9formateurs et des r\u00e9formatrices d'aujourd'hui<\/h4>\n<p>C'est ce qu'a racont\u00e9 Friedrich Weibel, coordinateur des partenariats eccl\u00e9siaux \u00e0 Mission 21, lors du culte \u00e0 l'\u00e9glise \u00e9vang\u00e9lique r\u00e9form\u00e9e de Birsfelden. Le pasteur Peter Dietz a invit\u00e9 Mission 21 parce qu'il est impressionn\u00e9 par la campagne d'automne. La campagne appelle \u00e0 soutenir les personnes qui s'engagent pour plus de justice. Birsfelden soutient cet objectif avec la collecte du culte.<\/p>\n<h4>Trouv\u00e9 : cette fois \u00e0 Birsfelden<\/h4>\n<p>Les participants au culte ont re\u00e7u de plus amples informations lors du caf\u00e9 qui a suivi - et ont eu l'occasion de se voir une fois en tant que r\u00e9formateur\/trice. Il ne faut pas grand-chose pour se voir autrement, peut-\u00eatre aussi comme pr\u00e9curseur d'un monde meilleur.<\/p>\n<p><em>Texte et photo : Christoph R\u00e1cz<\/em><\/p>\n<p><!-- Link Back --><\/p>\n<div class=\"news-backlink-wrap\"><a href=\"\/fr\/informer\/news\/\"><strong><\/p>\n<p>\t\t\t\t\t\t\t\t\t\t\t\tToutes les actualit\u00e9s<\/p>\n<p>\t\t\t\t\t\t\t\t\t<\/strong><\/a><\/div>","protected":false},"excerpt":{"rendered":"<p>Pour un monde plus juste : le pasteur Peter Dietz a int\u00e9gr\u00e9 la campagne d'automne de Mission 21 dans le culte.<\/p>","protected":false},"author":1,"featured_media":4409,"comment_status":"closed","ping_status":"closed","sticky":false,"template":"","format":"standard","meta":{"_acf_changed":false,"_seopress_robots_primary_cat":"","_seopress_titles_title":"","_seopress_titles_desc":"","_seopress_robots_index":"","_searchwp_excluded":"","site-sidebar-layout":"default","site-content-layout":"","ast-site-content-layout":"default","site-content-style":"default","site-sidebar-style":"default","ast-global-header-display":"","ast-banner-title-visibility":"","ast-main-header-display":"","ast-hfb-above-header-display":"","ast-hfb-below-header-display":"","ast-hfb-mobile-header-display":"","site-post-title":"","ast-breadcrumbs-content":"","ast-featured-img":"","footer-sml-layout":"","ast-disable-related-posts":"","theme-transparent-header-meta":"","adv-header-id-meta":"","stick-header-meta":"","header-above-stick-meta":"","header-main-stick-meta":"","header-below-stick-meta":"","astra-migrate-meta-layouts":"default","ast-page-background-enabled":"default","ast-page-background-meta":{"desktop":{"background-color":"var(--ast-global-color-4)","background-image":"","background-repeat":"repeat","background-position":"center center","background-size":"auto","background-attachment":"scroll","background-type":"","background-media":"","overlay-type":"","overlay-color":"","overlay-opacity":"","overlay-gradient":""},"tablet":{"background-color":"","background-image":"","background-repeat":"repeat","background-position":"center center","background-size":"auto","background-attachment":"scroll","background-type":"","background-media":"","overlay-type":"","overlay-color":"","overlay-opacity":"","overlay-gradient":""},"mobile":{"background-color":"","background-image":"","background-repeat":"repeat","background-position":"center center","background-size":"auto","background-attachment":"scroll","background-type":"","background-media":"","overlay-type":"","overlay-color":"","overlay-opacity":"","overlay-gradient":""}},"ast-content-background-meta":{"desktop":{"background-color":"var(--ast-global-color-5)","background-image":"","background-repeat":"repeat","background-position":"center center","background-size":"auto","background-attachment":"scroll","background-type":"","background-media":"","overlay-type":"","overlay-color":"","overlay-opacity":"","overlay-gradient":""},"tablet":{"background-color":"var(--ast-global-color-5)","background-image":"","background-repeat":"repeat","background-position":"center center","background-size":"auto","background-attachment":"scroll","background-type":"","background-media":"","overlay-type":"","overlay-color":"","overlay-opacity":"","overlay-gradient":""},"mobile":{"background-color":"var(--ast-global-color-5)","background-image":"","background-repeat":"repeat","background-position":"center center","background-size":"auto","background-attachment":"scroll","background-type":"","background-media":"","overlay-type":"","overlay-color":"","overlay-opacity":"","overlay-gradient":""}},"iawp_total_views":14,"footnotes":""},"categories":[286,153],"tags":[],"land":[46,65],"wirkungsbereich":[],"class_list":{"0":"post-4408","1":"post","2":"type-post","3":"status-publish","4":"format-standard","5":"has-post-thumbnail","7":"category-forschungsarchiv","8":"category-netzwerk","9":"land-costa-rica","10":"land-lateinamerika"},"acf":[],"_links":{"self":[{"href":"https:\/\/www.mission-21.org\/fr\/wp-json\/wp\/v2\/posts\/4408","targetHints":{"allow":["GET"]}}],"collection":[{"href":"https:\/\/www.mission-21.org\/fr\/wp-json\/wp\/v2\/posts"}],"about":[{"href":"https:\/\/www.mission-21.org\/fr\/wp-json\/wp\/v2\/types\/post"}],"author":[{"embeddable":true,"href":"https:\/\/www.mission-21.org\/fr\/wp-json\/wp\/v2\/users\/1"}],"replies":[{"embeddable":true,"href":"https:\/\/www.mission-21.org\/fr\/wp-json\/wp\/v2\/comments?post=4408"}],"version-history":[{"count":1,"href":"https:\/\/www.mission-21.org\/fr\/wp-json\/wp\/v2\/posts\/4408\/revisions"}],"predecessor-version":[{"id":4480,"href":"https:\/\/www.mission-21.org\/fr\/wp-json\/wp\/v2\/posts\/4408\/revisions\/4480"}],"wp:featuredmedia":[{"embeddable":true,"href":"https:\/\/www.mission-21.org\/fr\/wp-json\/wp\/v2\/media\/4409"}],"wp:attachment":[{"href":"https:\/\/www.mission-21.org\/fr\/wp-json\/wp\/v2\/media?parent=4408"}],"wp:term":[{"taxonomy":"category","embeddable":true,"href":"https:\/\/www.mission-21.org\/fr\/wp-json\/wp\/v2\/categories?post=4408"},{"taxonomy":"post_tag","embeddable":true,"href":"https:\/\/www.mission-21.org\/fr\/wp-json\/wp\/v2\/tags?post=4408"},{"taxonomy":"land","embeddable":true,"href":"https:\/\/www.mission-21.org\/fr\/wp-json\/wp\/v2\/land?post=4408"},{"taxonomy":"wirkungsbereich","embeddable":true,"href":"https:\/\/www.mission-21.org\/fr\/wp-json\/wp\/v2\/wirkungsbereich?post=4408"}],"curies":[{"name":"wp","href":"https:\/\/api.w.org\/{rel}","templated":true}]}}