{"id":4418,"date":"2017-11-03T00:00:00","date_gmt":"2017-11-02T23:00:00","guid":{"rendered":"https:\/\/www.mission-21.org\/mission-21-am-reformaction\/"},"modified":"2023-05-11T17:45:05","modified_gmt":"2023-05-11T15:45:05","slug":"mission-21-am-reformaction","status":"publish","type":"post","link":"https:\/\/www.mission-21.org\/fr\/mission-21-am-reformaction\/","title":{"rendered":"Mission 21 \u00e0 ReformAction"},"content":{"rendered":"<p>Vendredi soir, le \"Parc des Bastions\" de Gen\u00e8ve \u00e9tait d\u00e9cor\u00e9 d'une mer de lumi\u00e8res provenant de lampes de poche de smartphones. Des milliers de jeunes s'\u00e9taient rassembl\u00e9s pour r\u00e9fl\u00e9chir \u00e0 leur foi et \u00e0 la R\u00e9forme - et pour s'amuser ensemble. Le festival ReformAction a montr\u00e9 \u00e0 maintes reprises que la r\u00e9flexion et le divertissement ne s'excluent pas mutuellement. Ainsi, \u00e0 c\u00f4t\u00e9 des actions et des activit\u00e9s festives plus amusantes, il y a toujours eu des moments de r\u00e9flexion et de m\u00e9ditation.<\/p>\n<p><strong>Point fort particulier<\/strong><\/p>\n<p>Un point fort particulier pour nous a \u00e9t\u00e9 le fait que, pour la premi\u00e8re fois lors du festival, notre <a href=\"https:\/\/vimeo.com\/user77137651\/youngatmission21\" target=\"_blank\" rel=\"noopener\">Clip vid\u00e9o \"Be Young@Mission<\/a> a \u00e9t\u00e9 montr\u00e9. L'une des questions du clip est la suivante : \"Pour quoi nous engageons-nous encore aujourd'hui ?\" Cette question n'a visiblement pas seulement touch\u00e9 les jeunes de la d\u00e9l\u00e9gation de Mission 21, mais aussi beaucoup d'autres jeunes participants au festival. A notre stand d'information, nous avions install\u00e9 une porte en bois sur laquelle il \u00e9tait possible d'\u00e9pingler des v\u0153ux de r\u00e9forme. A la fin de la soir\u00e9e, celle-ci \u00e9tait pleine de souhaits pour la soci\u00e9t\u00e9. Ils indiquaient que de nombreux jeunes ne souhaitaient pas seulement faire la f\u00eate, mais aussi changer activement la soci\u00e9t\u00e9. Les T-shirts bleus de nos d\u00e9l\u00e9gu\u00e9s portant l'inscription \"Agents of Change\" soulignaient tr\u00e8s bien cette pr\u00e9occupation.<\/p>\n<p><strong>Une f\u00eate pour les jeunes<\/strong><\/p>\n<p>Lors de ReformAction, les jeunes \u00e9taient au centre de l'attention et y ont trouv\u00e9 leur compte. La c\u00e9r\u00e9monie d'ouverture consistait en une projection vid\u00e9o impressionnante r\u00e9sumant l'histoire de la R\u00e9forme jusqu'\u00e0 aujourd'hui, accompagn\u00e9e en direct par des tambours et des chants. L'arri\u00e8re-plan \u00e9tait constitu\u00e9 par le monument de la R\u00e9forme avec les quatre statues de Farel, Calvin, Beza et Knox. Le festival a \u00e9t\u00e9 l'occasion de rencontrer de nouvelles personnes. Des participants de toute la Suisse se sont rencontr\u00e9s dans des ateliers. \"C'est beau de voir autant de jeunes se confronter \u00e0 la foi\", a d\u00e9clar\u00e9 une participante de Mission 21. Mais le festival a aussi eu pour effet de consolider les relations entre les personnes qui se connaissaient d\u00e9j\u00e0 : Le groupe de Mission 21 est devenu encore plus soud\u00e9 au cours du week-end. Avec leurs T-shirts bleus, les jeunes d\u00e9l\u00e9gu\u00e9s de Mission 21 \u00e9taient reconnaissables de l'ext\u00e9rieur comme une unit\u00e9. Cela s'est par exemple remarqu\u00e9 lors de la manifestation principale de ReformAction \u00e0 la Palexpo-Arena.<\/p>\n<p><strong>Service divin de f\u00eate<\/strong><\/p>\n<p>La c\u00e9r\u00e9monie s'est termin\u00e9e par un service religieux \u00e0 l'\u00e9glise Saint-Pierre. Celui-ci a \u00e9t\u00e9 retransmis en direct par la t\u00e9l\u00e9vision suisse SRF. Malgr\u00e9 la taille de l'\u00e9glise, certains spectateurs ont d\u00fb se contenter d'une retransmission sur \u00e9cran dans un b\u00e2timent annexe. Notre d\u00e9l\u00e9gation \u00e9tait toutefois pr\u00e9sente dans l'\u00e9glise. Le nombre de jeunes gens venus de toute la Suisse pour ce festival s'est \u00e0 nouveau manifest\u00e9 apr\u00e8s la fin du culte : pendant pr\u00e8s de 20 minutes, les gens ont afflu\u00e9 hors de l'\u00e9glise. Les derni\u00e8res photos de groupe ont ensuite \u00e9t\u00e9 prises et les participants ont pris le chemin du retour. Dans le train et le bus, on entendait encore beaucoup de personnes chanter des chansons et \u00e9changer sur l'\u00e9v\u00e9nement.<\/p>\n<p><!-- Link Back --><\/p>\n<div class=\"news-backlink-wrap\"><a href=\"\/fr\/informer\/news\/\"><strong><\/p>\n<p>\t\t\t\t\t\t\t\t\t\t\t\tToutes les actualit\u00e9s<\/p>\n<p>\t\t\t\t\t\t\t\t\t<\/strong><\/a><\/div>","protected":false},"excerpt":{"rendered":"<p>Un \u00e9v\u00e9nement unique en son genre : le week-end dernier, plus de 5000 jeunes et jeunes adultes ont c\u00e9l\u00e9br\u00e9 l'anniversaire de la R\u00e9forme lors du festival de la jeunesse protestante ReformAction \u00e0 Gen\u00e8ve. Une jeune d\u00e9l\u00e9gation de Mission 21 \u00e9tait de la partie.<\/p>","protected":false},"author":1,"featured_media":4419,"comment_status":"closed","ping_status":"closed","sticky":false,"template":"","format":"standard","meta":{"_acf_changed":false,"_seopress_robots_primary_cat":"","_seopress_titles_title":"","_seopress_titles_desc":"","_seopress_robots_index":"","_searchwp_excluded":"","site-sidebar-layout":"default","site-content-layout":"","ast-site-content-layout":"default","site-content-style":"default","site-sidebar-style":"default","ast-global-header-display":"","ast-banner-title-visibility":"","ast-main-header-display":"","ast-hfb-above-header-display":"","ast-hfb-below-header-display":"","ast-hfb-mobile-header-display":"","site-post-title":"","ast-breadcrumbs-content":"","ast-featured-img":"","footer-sml-layout":"","ast-disable-related-posts":"","theme-transparent-header-meta":"","adv-header-id-meta":"","stick-header-meta":"","header-above-stick-meta":"","header-main-stick-meta":"","header-below-stick-meta":"","astra-migrate-meta-layouts":"default","ast-page-background-enabled":"default","ast-page-background-meta":{"desktop":{"background-color":"var(--ast-global-color-4)","background-image":"","background-repeat":"repeat","background-position":"center center","background-size":"auto","background-attachment":"scroll","background-type":"","background-media":"","overlay-type":"","overlay-color":"","overlay-opacity":"","overlay-gradient":""},"tablet":{"background-color":"","background-image":"","background-repeat":"repeat","background-position":"center center","background-size":"auto","background-attachment":"scroll","background-type":"","background-media":"","overlay-type":"","overlay-color":"","overlay-opacity":"","overlay-gradient":""},"mobile":{"background-color":"","background-image":"","background-repeat":"repeat","background-position":"center center","background-size":"auto","background-attachment":"scroll","background-type":"","background-media":"","overlay-type":"","overlay-color":"","overlay-opacity":"","overlay-gradient":""}},"ast-content-background-meta":{"desktop":{"background-color":"var(--ast-global-color-5)","background-image":"","background-repeat":"repeat","background-position":"center center","background-size":"auto","background-attachment":"scroll","background-type":"","background-media":"","overlay-type":"","overlay-color":"","overlay-opacity":"","overlay-gradient":""},"tablet":{"background-color":"var(--ast-global-color-5)","background-image":"","background-repeat":"repeat","background-position":"center center","background-size":"auto","background-attachment":"scroll","background-type":"","background-media":"","overlay-type":"","overlay-color":"","overlay-opacity":"","overlay-gradient":""},"mobile":{"background-color":"var(--ast-global-color-5)","background-image":"","background-repeat":"repeat","background-position":"center center","background-size":"auto","background-attachment":"scroll","background-type":"","background-media":"","overlay-type":"","overlay-color":"","overlay-opacity":"","overlay-gradient":""}},"iawp_total_views":49,"footnotes":""},"categories":[412,286,157],"tags":[],"land":[34],"wirkungsbereich":[],"class_list":{"0":"post-4418","1":"post","2":"type-post","3":"status-publish","4":"format-standard","5":"has-post-thumbnail","7":"category-events","8":"category-forschungsarchiv","9":"category-youngmission21","10":"land-schweiz"},"acf":[],"_links":{"self":[{"href":"https:\/\/www.mission-21.org\/fr\/wp-json\/wp\/v2\/posts\/4418","targetHints":{"allow":["GET"]}}],"collection":[{"href":"https:\/\/www.mission-21.org\/fr\/wp-json\/wp\/v2\/posts"}],"about":[{"href":"https:\/\/www.mission-21.org\/fr\/wp-json\/wp\/v2\/types\/post"}],"author":[{"embeddable":true,"href":"https:\/\/www.mission-21.org\/fr\/wp-json\/wp\/v2\/users\/1"}],"replies":[{"embeddable":true,"href":"https:\/\/www.mission-21.org\/fr\/wp-json\/wp\/v2\/comments?post=4418"}],"version-history":[{"count":1,"href":"https:\/\/www.mission-21.org\/fr\/wp-json\/wp\/v2\/posts\/4418\/revisions"}],"predecessor-version":[{"id":4502,"href":"https:\/\/www.mission-21.org\/fr\/wp-json\/wp\/v2\/posts\/4418\/revisions\/4502"}],"wp:featuredmedia":[{"embeddable":true,"href":"https:\/\/www.mission-21.org\/fr\/wp-json\/wp\/v2\/media\/4419"}],"wp:attachment":[{"href":"https:\/\/www.mission-21.org\/fr\/wp-json\/wp\/v2\/media?parent=4418"}],"wp:term":[{"taxonomy":"category","embeddable":true,"href":"https:\/\/www.mission-21.org\/fr\/wp-json\/wp\/v2\/categories?post=4418"},{"taxonomy":"post_tag","embeddable":true,"href":"https:\/\/www.mission-21.org\/fr\/wp-json\/wp\/v2\/tags?post=4418"},{"taxonomy":"land","embeddable":true,"href":"https:\/\/www.mission-21.org\/fr\/wp-json\/wp\/v2\/land?post=4418"},{"taxonomy":"wirkungsbereich","embeddable":true,"href":"https:\/\/www.mission-21.org\/fr\/wp-json\/wp\/v2\/wirkungsbereich?post=4418"}],"curies":[{"name":"wp","href":"https:\/\/api.w.org\/{rel}","templated":true}]}}