{"id":5949,"date":"2022-12-01T10:56:41","date_gmt":"2022-12-01T09:56:41","guid":{"rendered":"https:\/\/www.mission-21.org\/?p=5949"},"modified":"2023-05-11T17:42:18","modified_gmt":"2023-05-11T15:42:18","slug":"les-jeunes-ambassadrices-recoivent-leur-certificat-de-competences-interculturelles-et-transculturelles","status":"publish","type":"post","link":"https:\/\/www.mission-21.org\/fr\/jugendbotschafterinnen-erhalten-ihr-zertifikat-fuer-inter-und-transkulturelle-kompetenz\/","title":{"rendered":"Les jeunes ambassadeurs* re\u00e7oivent leur certificat de comp\u00e9tence inter- et transculturelle"},"content":{"rendered":"<p><strong>Le programme d'ambassade de jeunesse de Mission 21, qui r\u00e9unit des jeunes du monde entier, s'\u00e9tend sur trois ans. Pour conclure, nous jetons un regard sur le pass\u00e9 - et sur l'avenir : d\u00e8s \u00e0 pr\u00e9sent, la <a href=\"https:\/\/www.mission-21.org\/fr\/participer\/youngmission21\/\">Appel d'offres<\/a> pour le programme \"Messages pour la jeunesse\" 2023-2025.<\/strong><\/p>\n\n\n\n<p>Le programme des ambassades de jeunesse offre aux jeunes adultes d'Afrique, d'Asie, d'Europe et d'Am\u00e9rique latine la possibilit\u00e9 d'apprendre \u00e0 se conna\u00eetre mutuellement, de se pencher sur des questions urgentes dans un monde globalis\u00e9 et de chercher ensemble des solutions.<\/p>\n\n\n\n<p>Un groupe de 18 jeunes adultes de 14 pays a particip\u00e9 \u00e0 ce projet au cours des trois derni\u00e8res ann\u00e9es, ainsi que douze jeunes ambassadeurs* de Suisse. Ils racontent ce qu'ils ont v\u00e9cu dans le nouveau num\u00e9ro de notre magazine \"begegnen\".<\/p>\n\n\n\n<div class=\"wp-block-media-text is-stacked-on-mobile has-pale-cyan-blue-background-color has-background\" style=\"grid-template-columns:15% auto\"><figure class=\"wp-block-media-text__media\"><a href=\"https:\/\/missionspresse.page.link\/GZYm\"><img decoding=\"async\" width=\"848\" height=\"1200\" src=\"https:\/\/www.mission-21.org\/wp-content\/uploads\/2022\/12\/begegnen_4-2022_cover1-848x1200.jpg\" alt=\"rencontre 4 2022 cover1\" class=\"wp-image-5958 size-full\" srcset=\"https:\/\/www.mission-21.org\/wp-content\/uploads\/2022\/12\/begegnen_4-2022_cover1-848x1200.jpg 848w, https:\/\/www.mission-21.org\/wp-content\/uploads\/2022\/12\/begegnen_4-2022_cover1-636x900.jpg 636w, https:\/\/www.mission-21.org\/wp-content\/uploads\/2022\/12\/begegnen_4-2022_cover1-768x1086.jpg 768w, https:\/\/www.mission-21.org\/wp-content\/uploads\/2022\/12\/begegnen_4-2022_cover1-1086x1536.jpg 1086w, https:\/\/www.mission-21.org\/wp-content\/uploads\/2022\/12\/begegnen_4-2022_cover1.jpg 1188w, https:\/\/www.mission-21.org\/wp-content\/uploads\/2022\/12\/begegnen_4-2022_cover1-8x12.jpg 8w, https:\/\/www.mission-21.org\/wp-content\/uploads\/2022\/12\/begegnen_4-2022_cover1-300x424.jpg 300w, https:\/\/www.mission-21.org\/wp-content\/uploads\/2022\/12\/begegnen_4-2022_cover1-600x849.jpg 600w\" sizes=\"(max-width: 848px) 100vw, 848px\" \/><\/a><\/figure><div class=\"wp-block-media-text__content\">\n<p style=\"margin-top:0;margin-right:0;margin-bottom:0;margin-left:0;padding-top:var(--wp--preset--spacing--30);padding-right:0;padding-bottom:0;padding-left:var(--wp--preset--spacing--20)\"><strong>\"Un jeune r\u00e9seau qui porte dans le monde entier\"<\/strong><\/p>\n\n\n\n<p>Dans ce num\u00e9ro, nous pr\u00e9sentons notre r\u00e9seau mondial de jeunes. Le programme d'ambassade de la jeunesse de Mission 21 permet des \u00e9changes par-del\u00e0 les fronti\u00e8res.<\/p>\n\n\n\n<p><a href=\"https:\/\/missionspresse.page.link\/GZYm\">\u25ba Lire l'int\u00e9gralit\u00e9 du num\u00e9ro<\/a><\/p>\n<\/div><\/div>\n\n\n\n<p><\/p>\n\n\n\n<p>A la fin du programme, les douze jeunes ambassadeurs* de Suisse ont re\u00e7u le certificat de comp\u00e9tence inter- et transculturelle, d\u00e9cern\u00e9 conjointement par Mission 21 et le <a href=\"https:\/\/www.ikf.ch\/de\">IKF<\/a> (Institut pour la communication et le leadership, Lucerne).<\/p>\n\n\n\n<p>Le programme de l'ambassade des jeunes comprend des ateliers r\u00e9guliers et une r\u00e9flexion dans le domaine des comp\u00e9tences inter- et transculturelles, des structures de pouvoir, des relations globales, ainsi qu'une visite de 2 \u00e0 3 semaines aupr\u00e8s d'organisations partenaires en Asie, en Afrique ou en Am\u00e9rique latine. En outre, les ambassadeurs suisses de la jeunesse* ont jou\u00e9 le r\u00f4le d'h\u00f4tes* lors de la visite en Suisse des ambassadeurs internationaux de la jeunesse*. Nous les f\u00e9licitons pour leur certificat et remercions toutes les personnes impliqu\u00e9es et tr\u00e8s engag\u00e9es qui s'engagent pour un monde plus juste. Dans le cadre du programme des ambassadeurs de la jeunesse, ils se sont pench\u00e9s sur des questions difficiles et ont \u00e9galement d\u00fb supporter le fait qu'il n'existe pas toujours de r\u00e9ponse ou de solution simple.<\/p>\n\n\n\n<p>Le programme international d'ambassades pour la jeunesse 2019-2022 a \u00e9t\u00e9 lanc\u00e9 par la  <a href=\"https:\/\/www.stiftung-mercator.ch\/\">Fondation Mercator Suisse<\/a> soutenu.<\/p>\n\n\n\n<p>Les jeunes adultes (18-28 ans) int\u00e9ress\u00e9s peuvent d\u00e8s \u00e0 pr\u00e9sent poser leur candidature pour le prochain programme d'ambassade de la jeunesse 2023-2025 : <a href=\"https:\/\/www.mission-21.org\/fr\/participer\/youngmission21\/\">young@mission21<\/a><\/p>\n\n\n\n<p><a href=\"https:\/\/www.mission-21.org\/wp-content\/uploads\/2022\/12\/factsheet-jubo-25.pdf\" data-type=\"attachment\" data-id=\"6048\">\u25ba Informations sur la participation et formulaire de candidature au programme \"Ambassade de jeunesse<\/a><\/p>","protected":false},"excerpt":{"rendered":"<p>Das Jugendbotschaftsprogramm von Mission 21, das junge Menschen aus aller Welt zusammenbringt, l\u00e4uft jeweils \u00fcber drei Jahre. Zum Abschluss blicken wir zur\u00fcck \u2013 und voraus: Ab sofort l\u00e4uft die Ausschreibung f\u00fcr das Jugendbotschaftsprogramm 2023-2025. Das Jugendbotschaftsprogramm bietet jungen Erwachsenen aus Afrika, Asien, Europa und Lateinamerika die M\u00f6glichkeit, sich gegenseitig kennenzulernen, dr\u00e4ngenden Fragen in einer globalisierten [&hellip;]<\/p>\n","protected":false},"author":10,"featured_media":5983,"comment_status":"closed","ping_status":"closed","sticky":false,"template":"","format":"standard","meta":{"_acf_changed":false,"_seopress_robots_primary_cat":"none","_seopress_titles_title":"","_seopress_titles_desc":"","_seopress_robots_index":"","_searchwp_excluded":"","site-sidebar-layout":"default","site-content-layout":"","ast-site-content-layout":"default","site-content-style":"default","site-sidebar-style":"default","ast-global-header-display":"","ast-banner-title-visibility":"","ast-main-header-display":"","ast-hfb-above-header-display":"","ast-hfb-below-header-display":"","ast-hfb-mobile-header-display":"","site-post-title":"","ast-breadcrumbs-content":"","ast-featured-img":"","footer-sml-layout":"","ast-disable-related-posts":"","theme-transparent-header-meta":"","adv-header-id-meta":"","stick-header-meta":"","header-above-stick-meta":"","header-main-stick-meta":"","header-below-stick-meta":"","astra-migrate-meta-layouts":"default","ast-page-background-enabled":"default","ast-page-background-meta":{"desktop":{"background-color":"var(--ast-global-color-4)","background-image":"","background-repeat":"repeat","background-position":"center center","background-size":"auto","background-attachment":"scroll","background-type":"","background-media":"","overlay-type":"","overlay-color":"","overlay-opacity":"","overlay-gradient":""},"tablet":{"background-color":"","background-image":"","background-repeat":"repeat","background-position":"center center","background-size":"auto","background-attachment":"scroll","background-type":"","background-media":"","overlay-type":"","overlay-color":"","overlay-opacity":"","overlay-gradient":""},"mobile":{"background-color":"","background-image":"","background-repeat":"repeat","background-position":"center center","background-size":"auto","background-attachment":"scroll","background-type":"","background-media":"","overlay-type":"","overlay-color":"","overlay-opacity":"","overlay-gradient":""}},"ast-content-background-meta":{"desktop":{"background-color":"var(--ast-global-color-5)","background-image":"","background-repeat":"repeat","background-position":"center center","background-size":"auto","background-attachment":"scroll","background-type":"","background-media":"","overlay-type":"","overlay-color":"","overlay-opacity":"","overlay-gradient":""},"tablet":{"background-color":"var(--ast-global-color-5)","background-image":"","background-repeat":"repeat","background-position":"center center","background-size":"auto","background-attachment":"scroll","background-type":"","background-media":"","overlay-type":"","overlay-color":"","overlay-opacity":"","overlay-gradient":""},"mobile":{"background-color":"var(--ast-global-color-5)","background-image":"","background-repeat":"repeat","background-position":"center center","background-size":"auto","background-attachment":"scroll","background-type":"","background-media":"","overlay-type":"","overlay-color":"","overlay-opacity":"","overlay-gradient":""}},"iawp_total_views":32,"footnotes":""},"categories":[411,153,157],"tags":[369],"land":[50],"wirkungsbereich":[],"class_list":{"0":"post-5949","1":"post","2":"type-post","3":"status-publish","4":"format-standard","5":"has-post-thumbnail","7":"category-internationale-lerngemeinschaft","8":"category-netzwerk","9":"category-youngmission21","10":"tag-jugendbotschaftsprogramm","11":"land-weltweit"},"acf":[],"_links":{"self":[{"href":"https:\/\/www.mission-21.org\/fr\/wp-json\/wp\/v2\/posts\/5949","targetHints":{"allow":["GET"]}}],"collection":[{"href":"https:\/\/www.mission-21.org\/fr\/wp-json\/wp\/v2\/posts"}],"about":[{"href":"https:\/\/www.mission-21.org\/fr\/wp-json\/wp\/v2\/types\/post"}],"author":[{"embeddable":true,"href":"https:\/\/www.mission-21.org\/fr\/wp-json\/wp\/v2\/users\/10"}],"replies":[{"embeddable":true,"href":"https:\/\/www.mission-21.org\/fr\/wp-json\/wp\/v2\/comments?post=5949"}],"version-history":[{"count":38,"href":"https:\/\/www.mission-21.org\/fr\/wp-json\/wp\/v2\/posts\/5949\/revisions"}],"predecessor-version":[{"id":8529,"href":"https:\/\/www.mission-21.org\/fr\/wp-json\/wp\/v2\/posts\/5949\/revisions\/8529"}],"wp:featuredmedia":[{"embeddable":true,"href":"https:\/\/www.mission-21.org\/fr\/wp-json\/wp\/v2\/media\/5983"}],"wp:attachment":[{"href":"https:\/\/www.mission-21.org\/fr\/wp-json\/wp\/v2\/media?parent=5949"}],"wp:term":[{"taxonomy":"category","embeddable":true,"href":"https:\/\/www.mission-21.org\/fr\/wp-json\/wp\/v2\/categories?post=5949"},{"taxonomy":"post_tag","embeddable":true,"href":"https:\/\/www.mission-21.org\/fr\/wp-json\/wp\/v2\/tags?post=5949"},{"taxonomy":"land","embeddable":true,"href":"https:\/\/www.mission-21.org\/fr\/wp-json\/wp\/v2\/land?post=5949"},{"taxonomy":"wirkungsbereich","embeddable":true,"href":"https:\/\/www.mission-21.org\/fr\/wp-json\/wp\/v2\/wirkungsbereich?post=5949"}],"curies":[{"name":"wp","href":"https:\/\/api.w.org\/{rel}","templated":true}]}}