{"id":8068,"date":"2023-04-17T19:22:49","date_gmt":"2023-04-17T17:22:49","guid":{"rendered":"https:\/\/www.mission-21.org\/?p=8068"},"modified":"2023-05-11T17:42:17","modified_gmt":"2023-05-11T15:42:17","slug":"echange-interculturel-maintenant","status":"publish","type":"post","link":"https:\/\/www.mission-21.org\/fr\/interkultureller-austausch-jetzt\/","title":{"rendered":"\"L'\u00e9change interculturel maintenant !\""},"content":{"rendered":"<p><ins><strong>Mission 21 recherche de jeunes adultes curieux pour son programme actuel d'ambassades de jeunesse. Qui souhaite rencontrer des personnes de trois continents, faire un voyage et d\u00e9couvrir de nouvelles cultures tout en d\u00e9veloppant ses propres comp\u00e9tences interculturelles ? L'appel \u00e0 candidatures pour le programme 2023-25 est en cours.<\/strong><\/ins><\/p>\n\n\n\n<p>Notre programme international d'ambassades de jeunesse permet des rencontres internationales, des voyages au-del\u00e0 des fronti\u00e8res culturelles ainsi que l'\u00e9change et la recherche de solutions aux probl\u00e8mes urgents de notre soci\u00e9t\u00e9.<\/p>\n\n\n\n<p>Le programme de formation et d'\u00e9change du r\u00e9seau de jeunes young@mission21 peut \u00eatre suivi en parall\u00e8le \u00e0 l'\u00e9cole, aux \u00e9tudes ou au travail. Pendant deux ans, les participants \u00e2g\u00e9s de 18 \u00e0 30 ans nouent des contacts internationaux et \u00e9largissent leurs comp\u00e9tences interculturelles et transculturelles.<\/p>\n\n\n\n<p><a id=\"_msocom_1\"><\/a><strong>Les questions qui pr\u00e9occupent les jeunes<\/strong><\/p>\n\n\n\n<p>Les participants suisses* font la connaissance d'ambassadeurs* de la jeunesse d'autres continents lors de rencontres num\u00e9riques, \u00e9changent leurs points de vue lors de sessions de pr\u00e9paration et se penchent sur des questions qui pr\u00e9occupent les jeunes du monde entier lors d'ateliers th\u00e9matiques. Au cours de la deuxi\u00e8me ann\u00e9e du programme, ils accueillent et accompagnent les jeunes ambassadeurs* internationaux en Suisse. Et pour finir, les participants suisses vivent eux-m\u00eames, en tant qu'invit\u00e9s, un voyage d'\u00e9tude de deux semaines dans un pays partenaire de Mission 21.<\/p>\n\n\n\n<p>Le programme offre une opportunit\u00e9 unique d'entrer en contact avec des jeunes de plus de 14 pays et de construire des relations \u00e0 l'\u00e9chelle mondiale. Les jeunes adultes cherchent ensemble des moyens d'action pour faire face aux d\u00e9fis de leur g\u00e9n\u00e9ration. Pendant une visite de deux semaines, les ambassadeurs suisses et internationaux de la jeunesse* 2024 d\u00e9couvrent ensemble la Suisse, en apprennent davantage sur les diff\u00e9rentes perspectives, la diversit\u00e9 et les points communs culturels, cherchent ensemble des solutions aux probl\u00e8mes et r\u00e9fl\u00e9chissent \u00e0 des compromis. Les jeunes emportent ces exp\u00e9riences dans leur environnement, prennent des responsabilit\u00e9s et contribuent, gr\u00e2ce \u00e0 leurs comp\u00e9tences \u00e9largies, \u00e0 une soci\u00e9t\u00e9 qui \u00e9change sur les d\u00e9fis et aspire \u00e0 plus de justice et de paix dans un environnement intact.<\/p>\n\n\n\n<p><strong>Appel d'offres en cours<\/strong><\/p>\n\n\n\n<p>Young@mission21, le r\u00e9seau de jeunes de Mission 21, organise pour la troisi\u00e8me fois le programme de messages de jeunes. Des anciens participants des deux programmes pr\u00e9c\u00e9dents apportent leurs exp\u00e9riences en tant qu'\"alumni\" et participent \u00e9galement \u00e0 la mise en \u0153uvre du programme actuel.<\/p>\n\n\n\n<p>L'appel \u00e0 candidatures est en cours ; les jeunes adultes \u00e2g\u00e9s de 18 \u00e0 30 ans peuvent postuler. Les conditions pr\u00e9alables sont l'ouverture d'esprit, la motivation et la volont\u00e9 de s'engager dans des rencontres interculturelles et de nouvelles perspectives, ainsi qu'une bonne connaissance de l'anglais. Ceux qui suivent le programme re\u00e7oivent le certificat de comp\u00e9tence inter- et transculturelle, d\u00e9livr\u00e9 conjointement par Mission 21 et l'Institut pour la communication et la conduite (IKF) de Lucerne.<\/p>\n\n\n\n<p><a href=\"https:\/\/www.mission-21.org\/fr\/programme-dambassades-pour-la-jeunesse\/\" target=\"_blank\" rel=\"noreferrer noopener\">&gt; Plus d'informations et inscription<\/a><\/p>","protected":false},"excerpt":{"rendered":"<p>Mission 21 sucht neugierige junge Erwachsene f\u00fcr das aktuelle Jugendbotschaftsprogramm. Wer m\u00f6chte Menschen aus drei Kontinenten kennenlernen, eine Reise machen und neue Kulturen erleben sowie die eigenen interkulturellen Kompetenzen erweitern? Die Ausschreibung f\u00fcr das Programm 2023-25 l\u00e4uft. Unser internationales Jugendbotschaftsprogramm erm\u00f6glicht internationale Begegnungen, Reisen \u00fcber kulturelle Grenzen hinweg sowie den Austausch und die Suche nach [&hellip;]<\/p>\n","protected":false},"author":9,"featured_media":8072,"comment_status":"closed","ping_status":"closed","sticky":false,"template":"","format":"standard","meta":{"_acf_changed":false,"_seopress_robots_primary_cat":"none","_seopress_titles_title":"","_seopress_titles_desc":"","_seopress_robots_index":"","_searchwp_excluded":"","site-sidebar-layout":"default","site-content-layout":"","ast-site-content-layout":"default","site-content-style":"default","site-sidebar-style":"default","ast-global-header-display":"","ast-banner-title-visibility":"","ast-main-header-display":"","ast-hfb-above-header-display":"","ast-hfb-below-header-display":"","ast-hfb-mobile-header-display":"","site-post-title":"","ast-breadcrumbs-content":"","ast-featured-img":"","footer-sml-layout":"","ast-disable-related-posts":"","theme-transparent-header-meta":"","adv-header-id-meta":"","stick-header-meta":"","header-above-stick-meta":"","header-main-stick-meta":"","header-below-stick-meta":"","astra-migrate-meta-layouts":"default","ast-page-background-enabled":"default","ast-page-background-meta":{"desktop":{"background-color":"var(--ast-global-color-4)","background-image":"","background-repeat":"repeat","background-position":"center center","background-size":"auto","background-attachment":"scroll","background-type":"","background-media":"","overlay-type":"","overlay-color":"","overlay-opacity":"","overlay-gradient":""},"tablet":{"background-color":"","background-image":"","background-repeat":"repeat","background-position":"center center","background-size":"auto","background-attachment":"scroll","background-type":"","background-media":"","overlay-type":"","overlay-color":"","overlay-opacity":"","overlay-gradient":""},"mobile":{"background-color":"","background-image":"","background-repeat":"repeat","background-position":"center center","background-size":"auto","background-attachment":"scroll","background-type":"","background-media":"","overlay-type":"","overlay-color":"","overlay-opacity":"","overlay-gradient":""}},"ast-content-background-meta":{"desktop":{"background-color":"var(--ast-global-color-5)","background-image":"","background-repeat":"repeat","background-position":"center center","background-size":"auto","background-attachment":"scroll","background-type":"","background-media":"","overlay-type":"","overlay-color":"","overlay-opacity":"","overlay-gradient":""},"tablet":{"background-color":"var(--ast-global-color-5)","background-image":"","background-repeat":"repeat","background-position":"center center","background-size":"auto","background-attachment":"scroll","background-type":"","background-media":"","overlay-type":"","overlay-color":"","overlay-opacity":"","overlay-gradient":""},"mobile":{"background-color":"var(--ast-global-color-5)","background-image":"","background-repeat":"repeat","background-position":"center center","background-size":"auto","background-attachment":"scroll","background-type":"","background-media":"","overlay-type":"","overlay-color":"","overlay-opacity":"","overlay-gradient":""}},"iawp_total_views":83,"footnotes":""},"categories":[411,157],"tags":[],"land":[62,64,65,34],"wirkungsbereich":[],"class_list":{"0":"post-8068","1":"post","2":"type-post","3":"status-publish","4":"format-standard","5":"has-post-thumbnail","7":"category-internationale-lerngemeinschaft","8":"category-youngmission21","9":"land-afrika","10":"land-asien","11":"land-lateinamerika","12":"land-schweiz"},"acf":[],"_links":{"self":[{"href":"https:\/\/www.mission-21.org\/fr\/wp-json\/wp\/v2\/posts\/8068","targetHints":{"allow":["GET"]}}],"collection":[{"href":"https:\/\/www.mission-21.org\/fr\/wp-json\/wp\/v2\/posts"}],"about":[{"href":"https:\/\/www.mission-21.org\/fr\/wp-json\/wp\/v2\/types\/post"}],"author":[{"embeddable":true,"href":"https:\/\/www.mission-21.org\/fr\/wp-json\/wp\/v2\/users\/9"}],"replies":[{"embeddable":true,"href":"https:\/\/www.mission-21.org\/fr\/wp-json\/wp\/v2\/comments?post=8068"}],"version-history":[{"count":3,"href":"https:\/\/www.mission-21.org\/fr\/wp-json\/wp\/v2\/posts\/8068\/revisions"}],"predecessor-version":[{"id":8075,"href":"https:\/\/www.mission-21.org\/fr\/wp-json\/wp\/v2\/posts\/8068\/revisions\/8075"}],"wp:featuredmedia":[{"embeddable":true,"href":"https:\/\/www.mission-21.org\/fr\/wp-json\/wp\/v2\/media\/8072"}],"wp:attachment":[{"href":"https:\/\/www.mission-21.org\/fr\/wp-json\/wp\/v2\/media?parent=8068"}],"wp:term":[{"taxonomy":"category","embeddable":true,"href":"https:\/\/www.mission-21.org\/fr\/wp-json\/wp\/v2\/categories?post=8068"},{"taxonomy":"post_tag","embeddable":true,"href":"https:\/\/www.mission-21.org\/fr\/wp-json\/wp\/v2\/tags?post=8068"},{"taxonomy":"land","embeddable":true,"href":"https:\/\/www.mission-21.org\/fr\/wp-json\/wp\/v2\/land?post=8068"},{"taxonomy":"wirkungsbereich","embeddable":true,"href":"https:\/\/www.mission-21.org\/fr\/wp-json\/wp\/v2\/wirkungsbereich?post=8068"}],"curies":[{"name":"wp","href":"https:\/\/api.w.org\/{rel}","templated":true}]}}